{"id":8314,"date":"2025-10-14T07:00:40","date_gmt":"2025-10-14T05:00:40","guid":{"rendered":"https:\/\/www.elle.lu\/fr\/?p=8314"},"modified":"2025-10-12T17:57:56","modified_gmt":"2025-10-12T15:57:56","slug":"je-veux-simplement-etre-moi-meme-kendall-jenner-devoile-les-secrets-de-sa-routine-beaute-actuelle","status":"publish","type":"post","link":"https:\/\/www.elle.lu\/fr\/8314-je-veux-simplement-etre-moi-meme-kendall-jenner-devoile-les-secrets-de-sa-routine-beaute-actuelle.html","title":{"rendered":"\u00ab Je veux simplement \u00eatre moi-m\u00eame \u00bb : Kendall Jenner d\u00e9voile les secrets de sa routine beaut\u00e9 actuelle"},"content":{"rendered":"","protected":false},"excerpt":{"rendered":"La mannequin se confie en exclusivit\u00e9 \u00e0 ELLE Luxembourg\u00a0sur sa fid\u00e9lit\u00e9 \u00e0 elle-m\u00eame, son maquillage de soir\u00e9e et la fa\u00e7on dont elle reste ancr\u00e9e.","protected":false},"author":14,"featured_media":8315,"comment_status":"open","ping_status":"open","sticky":false,"template":"","format":"standard","meta":{"_acf_changed":false,"_jetpack_memberships_contains_paid_content":false,"footnotes":""},"categories":[3],"tags":[],"class_list":["post-8314","post","type-post","status-publish","format-standard","has-post-thumbnail","hentry","category-beaute"],"acf":[],"yoast_head":"<!-- This site is optimized with the Yoast SEO plugin v27.5 - https:\/\/yoast.com\/product\/yoast-seo-wordpress\/ -->\n<title>\u00ab Je veux simplement \u00eatre moi-m\u00eame \u00bb : Kendall Jenner d\u00e9voile les secrets de sa routine beaut\u00e9 actuelle - ELLE.lu Luxembourg<\/title>\n<meta name=\"description\" content=\"La mannequin se confie en exclusivit\u00e9 \u00e0 ELLE Luxembourg\u00a0sur sa fid\u00e9lit\u00e9 \u00e0 elle-m\u00eame, son maquillage de soir\u00e9e et la fa\u00e7on dont elle reste ancr\u00e9e.\" \/>\n<meta name=\"robots\" content=\"index, follow, max-snippet:-1, max-image-preview:large, max-video-preview:-1\" \/>\n<link rel=\"canonical\" href=\"https:\/\/www.elle.lu\/fr\/8314-je-veux-simplement-etre-moi-meme-kendall-jenner-devoile-les-secrets-de-sa-routine-beaute-actuelle.html\" \/>\n<meta property=\"og:locale\" content=\"fr_FR\" \/>\n<meta property=\"og:type\" content=\"article\" \/>\n<meta property=\"og:title\" content=\"\u00ab Je veux simplement \u00eatre moi-m\u00eame \u00bb : Kendall Jenner d\u00e9voile les secrets de sa routine beaut\u00e9 actuelle - ELLE.lu Luxembourg\" \/>\n<meta property=\"og:description\" content=\"La mannequin se confie en exclusivit\u00e9 \u00e0 ELLE Luxembourg\u00a0sur sa fid\u00e9lit\u00e9 \u00e0 elle-m\u00eame, son maquillage de soir\u00e9e et la fa\u00e7on dont elle reste ancr\u00e9e.\" \/>\n<meta property=\"og:url\" content=\"https:\/\/www.elle.lu\/fr\/8314-je-veux-simplement-etre-moi-meme-kendall-jenner-devoile-les-secrets-de-sa-routine-beaute-actuelle.html\" \/>\n<meta property=\"og:site_name\" content=\"ELLE.lu Luxembourg\" \/>\n<meta property=\"article:published_time\" content=\"2025-10-14T05:00:40+00:00\" \/>\n<meta property=\"og:image\" content=\"https:\/\/www.elle.lu\/fr\/wp-content\/uploads\/2025\/10\/gucci-fr-s24-060.jpg\" \/>\n\t<meta property=\"og:image:width\" content=\"1319\" \/>\n\t<meta property=\"og:image:height\" content=\"1980\" \/>\n\t<meta property=\"og:image:type\" content=\"image\/jpeg\" \/>\n<meta name=\"author\" content=\"ELLE Luxembourg\" \/>\n<meta name=\"twitter:card\" content=\"summary_large_image\" \/>\n<meta name=\"twitter:label1\" content=\"\u00c9crit par\" \/>\n\t<meta name=\"twitter:data1\" content=\"ELLE Luxembourg\" \/>\n\t<meta name=\"twitter:label2\" content=\"Dur\u00e9e de lecture estim\u00e9e\" \/>\n\t<meta name=\"twitter:data2\" content=\"4 minutes\" \/>\n<script type=\"application\/ld+json\" class=\"yoast-schema-graph\">{\"@context\":\"https:\\\/\\\/schema.org\",\"@graph\":[{\"@type\":\"Article\",\"@id\":\"https:\\\/\\\/www.elle.lu\\\/fr\\\/8314-je-veux-simplement-etre-moi-meme-kendall-jenner-devoile-les-secrets-de-sa-routine-beaute-actuelle.html#article\",\"isPartOf\":{\"@id\":\"https:\\\/\\\/www.elle.lu\\\/fr\\\/8314-je-veux-simplement-etre-moi-meme-kendall-jenner-devoile-les-secrets-de-sa-routine-beaute-actuelle.html\"},\"author\":{\"name\":\"ELLE Luxembourg\",\"@id\":\"https:\\\/\\\/www.elle.lu\\\/fr\\\/#\\\/schema\\\/person\\\/9f46b98d1e40ec669426239054a74f55\"},\"headline\":\"\u00ab Je veux simplement \u00eatre moi-m\u00eame \u00bb : Kendall Jenner d\u00e9voile les secrets de sa routine beaut\u00e9 actuelle\",\"datePublished\":\"2025-10-14T05:00:40+00:00\",\"mainEntityOfPage\":{\"@id\":\"https:\\\/\\\/www.elle.lu\\\/fr\\\/8314-je-veux-simplement-etre-moi-meme-kendall-jenner-devoile-les-secrets-de-sa-routine-beaute-actuelle.html\"},\"wordCount\":792,\"commentCount\":0,\"image\":{\"@id\":\"https:\\\/\\\/www.elle.lu\\\/fr\\\/8314-je-veux-simplement-etre-moi-meme-kendall-jenner-devoile-les-secrets-de-sa-routine-beaute-actuelle.html#primaryimage\"},\"thumbnailUrl\":\"https:\\\/\\\/www.elle.lu\\\/fr\\\/wp-content\\\/uploads\\\/2025\\\/10\\\/gucci-fr-s24-060.jpg\",\"articleSection\":[\"Beaut\u00e9\"],\"inLanguage\":\"fr-FR\",\"potentialAction\":[{\"@type\":\"CommentAction\",\"name\":\"Comment\",\"target\":[\"https:\\\/\\\/www.elle.lu\\\/fr\\\/8314-je-veux-simplement-etre-moi-meme-kendall-jenner-devoile-les-secrets-de-sa-routine-beaute-actuelle.html#respond\"]}]},{\"@type\":\"WebPage\",\"@id\":\"https:\\\/\\\/www.elle.lu\\\/fr\\\/8314-je-veux-simplement-etre-moi-meme-kendall-jenner-devoile-les-secrets-de-sa-routine-beaute-actuelle.html\",\"url\":\"https:\\\/\\\/www.elle.lu\\\/fr\\\/8314-je-veux-simplement-etre-moi-meme-kendall-jenner-devoile-les-secrets-de-sa-routine-beaute-actuelle.html\",\"name\":\"\u00ab Je veux simplement \u00eatre moi-m\u00eame \u00bb : Kendall Jenner d\u00e9voile les secrets de sa routine beaut\u00e9 actuelle - ELLE.lu Luxembourg\",\"isPartOf\":{\"@id\":\"https:\\\/\\\/www.elle.lu\\\/fr\\\/#website\"},\"primaryImageOfPage\":{\"@id\":\"https:\\\/\\\/www.elle.lu\\\/fr\\\/8314-je-veux-simplement-etre-moi-meme-kendall-jenner-devoile-les-secrets-de-sa-routine-beaute-actuelle.html#primaryimage\"},\"image\":{\"@id\":\"https:\\\/\\\/www.elle.lu\\\/fr\\\/8314-je-veux-simplement-etre-moi-meme-kendall-jenner-devoile-les-secrets-de-sa-routine-beaute-actuelle.html#primaryimage\"},\"thumbnailUrl\":\"https:\\\/\\\/www.elle.lu\\\/fr\\\/wp-content\\\/uploads\\\/2025\\\/10\\\/gucci-fr-s24-060.jpg\",\"datePublished\":\"2025-10-14T05:00:40+00:00\",\"author\":{\"@id\":\"https:\\\/\\\/www.elle.lu\\\/fr\\\/#\\\/schema\\\/person\\\/9f46b98d1e40ec669426239054a74f55\"},\"description\":\"La mannequin se confie en exclusivit\u00e9 \u00e0 ELLE Luxembourg\u00a0sur sa fid\u00e9lit\u00e9 \u00e0 elle-m\u00eame, son maquillage de soir\u00e9e et la fa\u00e7on dont elle reste ancr\u00e9e.\",\"breadcrumb\":{\"@id\":\"https:\\\/\\\/www.elle.lu\\\/fr\\\/8314-je-veux-simplement-etre-moi-meme-kendall-jenner-devoile-les-secrets-de-sa-routine-beaute-actuelle.html#breadcrumb\"},\"inLanguage\":\"fr-FR\",\"potentialAction\":[{\"@type\":\"ReadAction\",\"target\":[\"https:\\\/\\\/www.elle.lu\\\/fr\\\/8314-je-veux-simplement-etre-moi-meme-kendall-jenner-devoile-les-secrets-de-sa-routine-beaute-actuelle.html\"]}]},{\"@type\":\"ImageObject\",\"inLanguage\":\"fr-FR\",\"@id\":\"https:\\\/\\\/www.elle.lu\\\/fr\\\/8314-je-veux-simplement-etre-moi-meme-kendall-jenner-devoile-les-secrets-de-sa-routine-beaute-actuelle.html#primaryimage\",\"url\":\"https:\\\/\\\/www.elle.lu\\\/fr\\\/wp-content\\\/uploads\\\/2025\\\/10\\\/gucci-fr-s24-060.jpg\",\"contentUrl\":\"https:\\\/\\\/www.elle.lu\\\/fr\\\/wp-content\\\/uploads\\\/2025\\\/10\\\/gucci-fr-s24-060.jpg\",\"width\":1319,\"height\":1980,\"caption\":\"\u00a9Launchmetrics Spotlight \\\/ Gucci SS24\"},{\"@type\":\"BreadcrumbList\",\"@id\":\"https:\\\/\\\/www.elle.lu\\\/fr\\\/8314-je-veux-simplement-etre-moi-meme-kendall-jenner-devoile-les-secrets-de-sa-routine-beaute-actuelle.html#breadcrumb\",\"itemListElement\":[{\"@type\":\"ListItem\",\"position\":1,\"name\":\"Accueil\",\"item\":\"https:\\\/\\\/www.elle.lu\\\/fr\"},{\"@type\":\"ListItem\",\"position\":2,\"name\":\"\u00ab Je veux simplement \u00eatre moi-m\u00eame \u00bb : Kendall Jenner d\u00e9voile les secrets de sa routine beaut\u00e9 actuelle\"}]},{\"@type\":\"WebSite\",\"@id\":\"https:\\\/\\\/www.elle.lu\\\/fr\\\/#website\",\"url\":\"https:\\\/\\\/www.elle.lu\\\/fr\\\/\",\"name\":\"ELLE.lu\",\"description\":\"Explorez les derni\u00e8res tendances mode, beaut\u00e9 et art de vivre au Luxembourg sur ELLE.lu. Un contenu exclusivement luxembourgeois sur notre site, r\u00e9seaux sociaux et YouTube.\",\"potentialAction\":[{\"@type\":\"SearchAction\",\"target\":{\"@type\":\"EntryPoint\",\"urlTemplate\":\"https:\\\/\\\/www.elle.lu\\\/fr\\\/?s={search_term_string}\"},\"query-input\":{\"@type\":\"PropertyValueSpecification\",\"valueRequired\":true,\"valueName\":\"search_term_string\"}}],\"inLanguage\":\"fr-FR\"},{\"@type\":\"Person\",\"@id\":\"https:\\\/\\\/www.elle.lu\\\/fr\\\/#\\\/schema\\\/person\\\/9f46b98d1e40ec669426239054a74f55\",\"name\":\"ELLE Luxembourg\",\"image\":{\"@type\":\"ImageObject\",\"inLanguage\":\"fr-FR\",\"@id\":\"https:\\\/\\\/secure.gravatar.com\\\/avatar\\\/53ba8a0846e80e757a82f9012841e058a80a9c9fcef00955129602230f0fd7ac?s=96&d=mm&r=g\",\"url\":\"https:\\\/\\\/secure.gravatar.com\\\/avatar\\\/53ba8a0846e80e757a82f9012841e058a80a9c9fcef00955129602230f0fd7ac?s=96&d=mm&r=g\",\"contentUrl\":\"https:\\\/\\\/secure.gravatar.com\\\/avatar\\\/53ba8a0846e80e757a82f9012841e058a80a9c9fcef00955129602230f0fd7ac?s=96&d=mm&r=g\",\"caption\":\"ELLE Luxembourg\"},\"url\":\"https:\\\/\\\/www.elle.lu\\\/fr\\\/author\\\/elle-luxembourg\"}]}<\/script>\n<!-- \/ Yoast SEO plugin. -->","yoast_head_json":{"title":"\u00ab Je veux simplement \u00eatre moi-m\u00eame \u00bb : Kendall Jenner d\u00e9voile les secrets de sa routine beaut\u00e9 actuelle - ELLE.lu Luxembourg","description":"La mannequin se confie en exclusivit\u00e9 \u00e0 ELLE Luxembourg\u00a0sur sa fid\u00e9lit\u00e9 \u00e0 elle-m\u00eame, son maquillage de soir\u00e9e et la fa\u00e7on dont elle reste ancr\u00e9e.","robots":{"index":"index","follow":"follow","max-snippet":"max-snippet:-1","max-image-preview":"max-image-preview:large","max-video-preview":"max-video-preview:-1"},"canonical":"https:\/\/www.elle.lu\/fr\/8314-je-veux-simplement-etre-moi-meme-kendall-jenner-devoile-les-secrets-de-sa-routine-beaute-actuelle.html","og_locale":"fr_FR","og_type":"article","og_title":"\u00ab Je veux simplement \u00eatre moi-m\u00eame \u00bb : Kendall Jenner d\u00e9voile les secrets de sa routine beaut\u00e9 actuelle - ELLE.lu Luxembourg","og_description":"La mannequin se confie en exclusivit\u00e9 \u00e0 ELLE Luxembourg\u00a0sur sa fid\u00e9lit\u00e9 \u00e0 elle-m\u00eame, son maquillage de soir\u00e9e et la fa\u00e7on dont elle reste ancr\u00e9e.","og_url":"https:\/\/www.elle.lu\/fr\/8314-je-veux-simplement-etre-moi-meme-kendall-jenner-devoile-les-secrets-de-sa-routine-beaute-actuelle.html","og_site_name":"ELLE.lu Luxembourg","article_published_time":"2025-10-14T05:00:40+00:00","og_image":[{"width":1319,"height":1980,"url":"https:\/\/www.elle.lu\/fr\/wp-content\/uploads\/2025\/10\/gucci-fr-s24-060.jpg","type":"image\/jpeg"}],"author":"ELLE Luxembourg","twitter_card":"summary_large_image","twitter_misc":{"\u00c9crit par":"ELLE Luxembourg","Dur\u00e9e de lecture estim\u00e9e":"4 minutes"},"schema":{"@context":"https:\/\/schema.org","@graph":[{"@type":"Article","@id":"https:\/\/www.elle.lu\/fr\/8314-je-veux-simplement-etre-moi-meme-kendall-jenner-devoile-les-secrets-de-sa-routine-beaute-actuelle.html#article","isPartOf":{"@id":"https:\/\/www.elle.lu\/fr\/8314-je-veux-simplement-etre-moi-meme-kendall-jenner-devoile-les-secrets-de-sa-routine-beaute-actuelle.html"},"author":{"name":"ELLE Luxembourg","@id":"https:\/\/www.elle.lu\/fr\/#\/schema\/person\/9f46b98d1e40ec669426239054a74f55"},"headline":"\u00ab Je veux simplement \u00eatre moi-m\u00eame \u00bb : Kendall Jenner d\u00e9voile les secrets de sa routine beaut\u00e9 actuelle","datePublished":"2025-10-14T05:00:40+00:00","mainEntityOfPage":{"@id":"https:\/\/www.elle.lu\/fr\/8314-je-veux-simplement-etre-moi-meme-kendall-jenner-devoile-les-secrets-de-sa-routine-beaute-actuelle.html"},"wordCount":792,"commentCount":0,"image":{"@id":"https:\/\/www.elle.lu\/fr\/8314-je-veux-simplement-etre-moi-meme-kendall-jenner-devoile-les-secrets-de-sa-routine-beaute-actuelle.html#primaryimage"},"thumbnailUrl":"https:\/\/www.elle.lu\/fr\/wp-content\/uploads\/2025\/10\/gucci-fr-s24-060.jpg","articleSection":["Beaut\u00e9"],"inLanguage":"fr-FR","potentialAction":[{"@type":"CommentAction","name":"Comment","target":["https:\/\/www.elle.lu\/fr\/8314-je-veux-simplement-etre-moi-meme-kendall-jenner-devoile-les-secrets-de-sa-routine-beaute-actuelle.html#respond"]}]},{"@type":"WebPage","@id":"https:\/\/www.elle.lu\/fr\/8314-je-veux-simplement-etre-moi-meme-kendall-jenner-devoile-les-secrets-de-sa-routine-beaute-actuelle.html","url":"https:\/\/www.elle.lu\/fr\/8314-je-veux-simplement-etre-moi-meme-kendall-jenner-devoile-les-secrets-de-sa-routine-beaute-actuelle.html","name":"\u00ab Je veux simplement \u00eatre moi-m\u00eame \u00bb : Kendall Jenner d\u00e9voile les secrets de sa routine beaut\u00e9 actuelle - ELLE.lu Luxembourg","isPartOf":{"@id":"https:\/\/www.elle.lu\/fr\/#website"},"primaryImageOfPage":{"@id":"https:\/\/www.elle.lu\/fr\/8314-je-veux-simplement-etre-moi-meme-kendall-jenner-devoile-les-secrets-de-sa-routine-beaute-actuelle.html#primaryimage"},"image":{"@id":"https:\/\/www.elle.lu\/fr\/8314-je-veux-simplement-etre-moi-meme-kendall-jenner-devoile-les-secrets-de-sa-routine-beaute-actuelle.html#primaryimage"},"thumbnailUrl":"https:\/\/www.elle.lu\/fr\/wp-content\/uploads\/2025\/10\/gucci-fr-s24-060.jpg","datePublished":"2025-10-14T05:00:40+00:00","author":{"@id":"https:\/\/www.elle.lu\/fr\/#\/schema\/person\/9f46b98d1e40ec669426239054a74f55"},"description":"La mannequin se confie en exclusivit\u00e9 \u00e0 ELLE Luxembourg\u00a0sur sa fid\u00e9lit\u00e9 \u00e0 elle-m\u00eame, son maquillage de soir\u00e9e et la fa\u00e7on dont elle reste ancr\u00e9e.","breadcrumb":{"@id":"https:\/\/www.elle.lu\/fr\/8314-je-veux-simplement-etre-moi-meme-kendall-jenner-devoile-les-secrets-de-sa-routine-beaute-actuelle.html#breadcrumb"},"inLanguage":"fr-FR","potentialAction":[{"@type":"ReadAction","target":["https:\/\/www.elle.lu\/fr\/8314-je-veux-simplement-etre-moi-meme-kendall-jenner-devoile-les-secrets-de-sa-routine-beaute-actuelle.html"]}]},{"@type":"ImageObject","inLanguage":"fr-FR","@id":"https:\/\/www.elle.lu\/fr\/8314-je-veux-simplement-etre-moi-meme-kendall-jenner-devoile-les-secrets-de-sa-routine-beaute-actuelle.html#primaryimage","url":"https:\/\/www.elle.lu\/fr\/wp-content\/uploads\/2025\/10\/gucci-fr-s24-060.jpg","contentUrl":"https:\/\/www.elle.lu\/fr\/wp-content\/uploads\/2025\/10\/gucci-fr-s24-060.jpg","width":1319,"height":1980,"caption":"\u00a9Launchmetrics Spotlight \/ Gucci SS24"},{"@type":"BreadcrumbList","@id":"https:\/\/www.elle.lu\/fr\/8314-je-veux-simplement-etre-moi-meme-kendall-jenner-devoile-les-secrets-de-sa-routine-beaute-actuelle.html#breadcrumb","itemListElement":[{"@type":"ListItem","position":1,"name":"Accueil","item":"https:\/\/www.elle.lu\/fr"},{"@type":"ListItem","position":2,"name":"\u00ab Je veux simplement \u00eatre moi-m\u00eame \u00bb : Kendall Jenner d\u00e9voile les secrets de sa routine beaut\u00e9 actuelle"}]},{"@type":"WebSite","@id":"https:\/\/www.elle.lu\/fr\/#website","url":"https:\/\/www.elle.lu\/fr\/","name":"ELLE.lu","description":"Explorez les derni\u00e8res tendances mode, beaut\u00e9 et art de vivre au Luxembourg sur ELLE.lu. Un contenu exclusivement luxembourgeois sur notre site, r\u00e9seaux sociaux et YouTube.","potentialAction":[{"@type":"SearchAction","target":{"@type":"EntryPoint","urlTemplate":"https:\/\/www.elle.lu\/fr\/?s={search_term_string}"},"query-input":{"@type":"PropertyValueSpecification","valueRequired":true,"valueName":"search_term_string"}}],"inLanguage":"fr-FR"},{"@type":"Person","@id":"https:\/\/www.elle.lu\/fr\/#\/schema\/person\/9f46b98d1e40ec669426239054a74f55","name":"ELLE Luxembourg","image":{"@type":"ImageObject","inLanguage":"fr-FR","@id":"https:\/\/secure.gravatar.com\/avatar\/53ba8a0846e80e757a82f9012841e058a80a9c9fcef00955129602230f0fd7ac?s=96&d=mm&r=g","url":"https:\/\/secure.gravatar.com\/avatar\/53ba8a0846e80e757a82f9012841e058a80a9c9fcef00955129602230f0fd7ac?s=96&d=mm&r=g","contentUrl":"https:\/\/secure.gravatar.com\/avatar\/53ba8a0846e80e757a82f9012841e058a80a9c9fcef00955129602230f0fd7ac?s=96&d=mm&r=g","caption":"ELLE Luxembourg"},"url":"https:\/\/www.elle.lu\/fr\/author\/elle-luxembourg"}]}},"jetpack_featured_media_url":"https:\/\/www.elle.lu\/fr\/wp-content\/uploads\/2025\/10\/gucci-fr-s24-060.jpg","jetpack_sharing_enabled":true,"_links":{"self":[{"href":"https:\/\/www.elle.lu\/fr\/wp-json\/wp\/v2\/posts\/8314","targetHints":{"allow":["GET"]}}],"collection":[{"href":"https:\/\/www.elle.lu\/fr\/wp-json\/wp\/v2\/posts"}],"about":[{"href":"https:\/\/www.elle.lu\/fr\/wp-json\/wp\/v2\/types\/post"}],"author":[{"embeddable":true,"href":"https:\/\/www.elle.lu\/fr\/wp-json\/wp\/v2\/users\/14"}],"replies":[{"embeddable":true,"href":"https:\/\/www.elle.lu\/fr\/wp-json\/wp\/v2\/comments?post=8314"}],"version-history":[{"count":1,"href":"https:\/\/www.elle.lu\/fr\/wp-json\/wp\/v2\/posts\/8314\/revisions"}],"predecessor-version":[{"id":8316,"href":"https:\/\/www.elle.lu\/fr\/wp-json\/wp\/v2\/posts\/8314\/revisions\/8316"}],"wp:featuredmedia":[{"embeddable":true,"href":"https:\/\/www.elle.lu\/fr\/wp-json\/wp\/v2\/media\/8315"}],"wp:attachment":[{"href":"https:\/\/www.elle.lu\/fr\/wp-json\/wp\/v2\/media?parent=8314"}],"wp:term":[{"taxonomy":"category","embeddable":true,"href":"https:\/\/www.elle.lu\/fr\/wp-json\/wp\/v2\/categories?post=8314"},{"taxonomy":"post_tag","embeddable":true,"href":"https:\/\/www.elle.lu\/fr\/wp-json\/wp\/v2\/tags?post=8314"}],"curies":[{"name":"wp","href":"https:\/\/api.w.org\/{rel}","templated":true}]}}