{"id":8470,"date":"2026-03-04T06:00:02","date_gmt":"2026-03-04T05:00:02","guid":{"rendered":"https:\/\/www.elle.lu\/fr\/?p=8470"},"modified":"2026-03-02T12:52:41","modified_gmt":"2026-03-02T11:52:41","slug":"marie-jung-lame-dune-artiste","status":"publish","type":"post","link":"https:\/\/www.elle.lu\/fr\/8470-marie-jung-lame-dune-artiste.html","title":{"rendered":"Marie Jung, l\u2019\u00e2me d\u2019une artiste"},"content":{"rendered":"","protected":false},"excerpt":{"rendered":"\u00c0 l&#8217;occasion de la 16e \u00e9dition du LuxFilmFest, nous republions cette interview dat\u00e9e du 20 octobre 2025, dans lequel Marie Jung \u00e9voque son r\u00f4le dans The Wolf, the Fox and the Leopard, qui sera projet\u00e9 le dimanche 08 mars, \u00e0 la Cin\u00e9math\u00e8que de Luxembourg.","protected":false},"author":9,"featured_media":8473,"comment_status":"open","ping_status":"open","sticky":false,"template":"","format":"standard","meta":{"_acf_changed":false,"_jetpack_memberships_contains_paid_content":false,"footnotes":""},"categories":[13],"tags":[],"class_list":["post-8470","post","type-post","status-publish","format-standard","has-post-thumbnail","hentry","category-culture"],"acf":[],"yoast_head":"<!-- This site is optimized with the Yoast SEO plugin v27.2 - https:\/\/yoast.com\/product\/yoast-seo-wordpress\/ -->\n<title>Marie Jung, l\u2019\u00e2me d\u2019une artiste - ELLE.lu Luxembourg<\/title>\n<meta name=\"description\" content=\"\u00c0 l\u2019affiche de plusieurs s\u00e9ries et de longs-m\u00e9trages, dont Lief fir mech , de Mark de Cloe, pr\u00e9sente sur sc\u00e8ne au th\u00e9\u00e2tre, la com\u00e9dienne polyglotte Marie Jung, n\u00e9e au Luxembourg, multiplie les projets.\" \/>\n<meta name=\"robots\" content=\"index, follow, max-snippet:-1, max-image-preview:large, max-video-preview:-1\" \/>\n<link rel=\"canonical\" href=\"https:\/\/www.elle.lu\/fr\/8470-marie-jung-lame-dune-artiste.html\" \/>\n<meta property=\"og:locale\" content=\"fr_FR\" \/>\n<meta property=\"og:type\" content=\"article\" \/>\n<meta property=\"og:title\" content=\"Marie Jung, l\u2019\u00e2me d\u2019une artiste - ELLE.lu Luxembourg\" \/>\n<meta property=\"og:description\" content=\"\u00c0 l\u2019affiche de plusieurs s\u00e9ries et de longs-m\u00e9trages, dont Lief fir mech , de Mark de Cloe, pr\u00e9sente sur sc\u00e8ne au th\u00e9\u00e2tre, la com\u00e9dienne polyglotte Marie Jung, n\u00e9e au Luxembourg, multiplie les projets.\" \/>\n<meta property=\"og:url\" content=\"https:\/\/www.elle.lu\/fr\/8470-marie-jung-lame-dune-artiste.html\" \/>\n<meta property=\"og:site_name\" content=\"ELLE.lu Luxembourg\" \/>\n<meta property=\"article:published_time\" content=\"2026-03-04T05:00:02+00:00\" \/>\n<meta property=\"og:image\" content=\"https:\/\/www.elle.lu\/fr\/wp-content\/uploads\/2025\/10\/by-matthias-muller-3-2.jpg\" \/>\n\t<meta property=\"og:image:width\" content=\"2500\" \/>\n\t<meta property=\"og:image:height\" content=\"3334\" \/>\n\t<meta property=\"og:image:type\" content=\"image\/jpeg\" \/>\n<meta name=\"author\" content=\"Isabelle Debuchy\" \/>\n<meta name=\"twitter:card\" content=\"summary_large_image\" \/>\n<meta name=\"twitter:label1\" content=\"\u00c9crit par\" \/>\n\t<meta name=\"twitter:data1\" content=\"Isabelle Debuchy\" \/>\n\t<meta name=\"twitter:label2\" content=\"Dur\u00e9e de lecture estim\u00e9e\" \/>\n\t<meta name=\"twitter:data2\" content=\"6 minutes\" \/>\n<script type=\"application\/ld+json\" class=\"yoast-schema-graph\">{\"@context\":\"https:\/\/schema.org\",\"@graph\":[{\"@type\":\"Article\",\"@id\":\"https:\/\/www.elle.lu\/fr\/8470-marie-jung-lame-dune-artiste.html#article\",\"isPartOf\":{\"@id\":\"https:\/\/www.elle.lu\/fr\/8470-marie-jung-lame-dune-artiste.html\"},\"author\":{\"name\":\"Isabelle Debuchy\",\"@id\":\"https:\/\/www.elle.lu\/fr\/#\/schema\/person\/3fa5d507dcc12f34be8eef14429dab5f\"},\"headline\":\"Marie Jung, l\u2019\u00e2me d\u2019une artiste\",\"datePublished\":\"2026-03-04T05:00:02+00:00\",\"mainEntityOfPage\":{\"@id\":\"https:\/\/www.elle.lu\/fr\/8470-marie-jung-lame-dune-artiste.html\"},\"wordCount\":1176,\"commentCount\":0,\"image\":{\"@id\":\"https:\/\/www.elle.lu\/fr\/8470-marie-jung-lame-dune-artiste.html#primaryimage\"},\"thumbnailUrl\":\"https:\/\/www.elle.lu\/fr\/wp-content\/uploads\/2025\/10\/by-matthias-muller-3-2.jpg\",\"articleSection\":[\"Culture\"],\"inLanguage\":\"fr-FR\",\"potentialAction\":[{\"@type\":\"CommentAction\",\"name\":\"Comment\",\"target\":[\"https:\/\/www.elle.lu\/fr\/8470-marie-jung-lame-dune-artiste.html#respond\"]}]},{\"@type\":\"WebPage\",\"@id\":\"https:\/\/www.elle.lu\/fr\/8470-marie-jung-lame-dune-artiste.html\",\"url\":\"https:\/\/www.elle.lu\/fr\/8470-marie-jung-lame-dune-artiste.html\",\"name\":\"Marie Jung, l\u2019\u00e2me d\u2019une artiste - ELLE.lu Luxembourg\",\"isPartOf\":{\"@id\":\"https:\/\/www.elle.lu\/fr\/#website\"},\"primaryImageOfPage\":{\"@id\":\"https:\/\/www.elle.lu\/fr\/8470-marie-jung-lame-dune-artiste.html#primaryimage\"},\"image\":{\"@id\":\"https:\/\/www.elle.lu\/fr\/8470-marie-jung-lame-dune-artiste.html#primaryimage\"},\"thumbnailUrl\":\"https:\/\/www.elle.lu\/fr\/wp-content\/uploads\/2025\/10\/by-matthias-muller-3-2.jpg\",\"datePublished\":\"2026-03-04T05:00:02+00:00\",\"author\":{\"@id\":\"https:\/\/www.elle.lu\/fr\/#\/schema\/person\/3fa5d507dcc12f34be8eef14429dab5f\"},\"description\":\"\u00c0 l\u2019affiche de plusieurs s\u00e9ries et de longs-m\u00e9trages, dont Lief fir mech , de Mark de Cloe, pr\u00e9sente sur sc\u00e8ne au th\u00e9\u00e2tre, la com\u00e9dienne polyglotte Marie Jung, n\u00e9e au Luxembourg, multiplie les projets.\",\"breadcrumb\":{\"@id\":\"https:\/\/www.elle.lu\/fr\/8470-marie-jung-lame-dune-artiste.html#breadcrumb\"},\"inLanguage\":\"fr-FR\",\"potentialAction\":[{\"@type\":\"ReadAction\",\"target\":[\"https:\/\/www.elle.lu\/fr\/8470-marie-jung-lame-dune-artiste.html\"]}]},{\"@type\":\"ImageObject\",\"inLanguage\":\"fr-FR\",\"@id\":\"https:\/\/www.elle.lu\/fr\/8470-marie-jung-lame-dune-artiste.html#primaryimage\",\"url\":\"https:\/\/www.elle.lu\/fr\/wp-content\/uploads\/2025\/10\/by-matthias-muller-3-2.jpg\",\"contentUrl\":\"https:\/\/www.elle.lu\/fr\/wp-content\/uploads\/2025\/10\/by-matthias-muller-3-2.jpg\",\"width\":2500,\"height\":3334,\"caption\":\"\u00a9Matthias M\u00fcller\"},{\"@type\":\"BreadcrumbList\",\"@id\":\"https:\/\/www.elle.lu\/fr\/8470-marie-jung-lame-dune-artiste.html#breadcrumb\",\"itemListElement\":[{\"@type\":\"ListItem\",\"position\":1,\"name\":\"Accueil\",\"item\":\"https:\/\/www.elle.lu\/fr\"},{\"@type\":\"ListItem\",\"position\":2,\"name\":\"Marie Jung, l\u2019\u00e2me d\u2019une artiste\"}]},{\"@type\":\"WebSite\",\"@id\":\"https:\/\/www.elle.lu\/fr\/#website\",\"url\":\"https:\/\/www.elle.lu\/fr\/\",\"name\":\"ELLE.lu\",\"description\":\"Explorez les derni\u00e8res tendances mode, beaut\u00e9 et art de vivre au Luxembourg sur ELLE.lu. Un contenu exclusivement luxembourgeois sur notre site, r\u00e9seaux sociaux et YouTube.\",\"potentialAction\":[{\"@type\":\"SearchAction\",\"target\":{\"@type\":\"EntryPoint\",\"urlTemplate\":\"https:\/\/www.elle.lu\/fr\/?s={search_term_string}\"},\"query-input\":{\"@type\":\"PropertyValueSpecification\",\"valueRequired\":true,\"valueName\":\"search_term_string\"}}],\"inLanguage\":\"fr-FR\"},{\"@type\":\"Person\",\"@id\":\"https:\/\/www.elle.lu\/fr\/#\/schema\/person\/3fa5d507dcc12f34be8eef14429dab5f\",\"name\":\"Isabelle Debuchy\",\"image\":{\"@type\":\"ImageObject\",\"inLanguage\":\"fr-FR\",\"@id\":\"https:\/\/secure.gravatar.com\/avatar\/43827824530f9ff21f1c5c795a1ea89f94b1bff09609a51da9316a8ff7e5f7f2?s=96&d=mm&r=g\",\"url\":\"https:\/\/secure.gravatar.com\/avatar\/43827824530f9ff21f1c5c795a1ea89f94b1bff09609a51da9316a8ff7e5f7f2?s=96&d=mm&r=g\",\"contentUrl\":\"https:\/\/secure.gravatar.com\/avatar\/43827824530f9ff21f1c5c795a1ea89f94b1bff09609a51da9316a8ff7e5f7f2?s=96&d=mm&r=g\",\"caption\":\"Isabelle Debuchy\"},\"url\":\"https:\/\/www.elle.lu\/fr\/author\/isabelle-debuchy\"}]}<\/script>\n<!-- \/ Yoast SEO plugin. -->","yoast_head_json":{"title":"Marie Jung, l\u2019\u00e2me d\u2019une artiste - ELLE.lu Luxembourg","description":"\u00c0 l\u2019affiche de plusieurs s\u00e9ries et de longs-m\u00e9trages, dont Lief fir mech , de Mark de Cloe, pr\u00e9sente sur sc\u00e8ne au th\u00e9\u00e2tre, la com\u00e9dienne polyglotte Marie Jung, n\u00e9e au Luxembourg, multiplie les projets.","robots":{"index":"index","follow":"follow","max-snippet":"max-snippet:-1","max-image-preview":"max-image-preview:large","max-video-preview":"max-video-preview:-1"},"canonical":"https:\/\/www.elle.lu\/fr\/8470-marie-jung-lame-dune-artiste.html","og_locale":"fr_FR","og_type":"article","og_title":"Marie Jung, l\u2019\u00e2me d\u2019une artiste - ELLE.lu Luxembourg","og_description":"\u00c0 l\u2019affiche de plusieurs s\u00e9ries et de longs-m\u00e9trages, dont Lief fir mech , de Mark de Cloe, pr\u00e9sente sur sc\u00e8ne au th\u00e9\u00e2tre, la com\u00e9dienne polyglotte Marie Jung, n\u00e9e au Luxembourg, multiplie les projets.","og_url":"https:\/\/www.elle.lu\/fr\/8470-marie-jung-lame-dune-artiste.html","og_site_name":"ELLE.lu Luxembourg","article_published_time":"2026-03-04T05:00:02+00:00","og_image":[{"width":2500,"height":3334,"url":"https:\/\/www.elle.lu\/fr\/wp-content\/uploads\/2025\/10\/by-matthias-muller-3-2.jpg","type":"image\/jpeg"}],"author":"Isabelle Debuchy","twitter_card":"summary_large_image","twitter_misc":{"\u00c9crit par":"Isabelle Debuchy","Dur\u00e9e de lecture estim\u00e9e":"6 minutes"},"schema":{"@context":"https:\/\/schema.org","@graph":[{"@type":"Article","@id":"https:\/\/www.elle.lu\/fr\/8470-marie-jung-lame-dune-artiste.html#article","isPartOf":{"@id":"https:\/\/www.elle.lu\/fr\/8470-marie-jung-lame-dune-artiste.html"},"author":{"name":"Isabelle Debuchy","@id":"https:\/\/www.elle.lu\/fr\/#\/schema\/person\/3fa5d507dcc12f34be8eef14429dab5f"},"headline":"Marie Jung, l\u2019\u00e2me d\u2019une artiste","datePublished":"2026-03-04T05:00:02+00:00","mainEntityOfPage":{"@id":"https:\/\/www.elle.lu\/fr\/8470-marie-jung-lame-dune-artiste.html"},"wordCount":1176,"commentCount":0,"image":{"@id":"https:\/\/www.elle.lu\/fr\/8470-marie-jung-lame-dune-artiste.html#primaryimage"},"thumbnailUrl":"https:\/\/www.elle.lu\/fr\/wp-content\/uploads\/2025\/10\/by-matthias-muller-3-2.jpg","articleSection":["Culture"],"inLanguage":"fr-FR","potentialAction":[{"@type":"CommentAction","name":"Comment","target":["https:\/\/www.elle.lu\/fr\/8470-marie-jung-lame-dune-artiste.html#respond"]}]},{"@type":"WebPage","@id":"https:\/\/www.elle.lu\/fr\/8470-marie-jung-lame-dune-artiste.html","url":"https:\/\/www.elle.lu\/fr\/8470-marie-jung-lame-dune-artiste.html","name":"Marie Jung, l\u2019\u00e2me d\u2019une artiste - ELLE.lu Luxembourg","isPartOf":{"@id":"https:\/\/www.elle.lu\/fr\/#website"},"primaryImageOfPage":{"@id":"https:\/\/www.elle.lu\/fr\/8470-marie-jung-lame-dune-artiste.html#primaryimage"},"image":{"@id":"https:\/\/www.elle.lu\/fr\/8470-marie-jung-lame-dune-artiste.html#primaryimage"},"thumbnailUrl":"https:\/\/www.elle.lu\/fr\/wp-content\/uploads\/2025\/10\/by-matthias-muller-3-2.jpg","datePublished":"2026-03-04T05:00:02+00:00","author":{"@id":"https:\/\/www.elle.lu\/fr\/#\/schema\/person\/3fa5d507dcc12f34be8eef14429dab5f"},"description":"\u00c0 l\u2019affiche de plusieurs s\u00e9ries et de longs-m\u00e9trages, dont Lief fir mech , de Mark de Cloe, pr\u00e9sente sur sc\u00e8ne au th\u00e9\u00e2tre, la com\u00e9dienne polyglotte Marie Jung, n\u00e9e au Luxembourg, multiplie les projets.","breadcrumb":{"@id":"https:\/\/www.elle.lu\/fr\/8470-marie-jung-lame-dune-artiste.html#breadcrumb"},"inLanguage":"fr-FR","potentialAction":[{"@type":"ReadAction","target":["https:\/\/www.elle.lu\/fr\/8470-marie-jung-lame-dune-artiste.html"]}]},{"@type":"ImageObject","inLanguage":"fr-FR","@id":"https:\/\/www.elle.lu\/fr\/8470-marie-jung-lame-dune-artiste.html#primaryimage","url":"https:\/\/www.elle.lu\/fr\/wp-content\/uploads\/2025\/10\/by-matthias-muller-3-2.jpg","contentUrl":"https:\/\/www.elle.lu\/fr\/wp-content\/uploads\/2025\/10\/by-matthias-muller-3-2.jpg","width":2500,"height":3334,"caption":"\u00a9Matthias M\u00fcller"},{"@type":"BreadcrumbList","@id":"https:\/\/www.elle.lu\/fr\/8470-marie-jung-lame-dune-artiste.html#breadcrumb","itemListElement":[{"@type":"ListItem","position":1,"name":"Accueil","item":"https:\/\/www.elle.lu\/fr"},{"@type":"ListItem","position":2,"name":"Marie Jung, l\u2019\u00e2me d\u2019une artiste"}]},{"@type":"WebSite","@id":"https:\/\/www.elle.lu\/fr\/#website","url":"https:\/\/www.elle.lu\/fr\/","name":"ELLE.lu","description":"Explorez les derni\u00e8res tendances mode, beaut\u00e9 et art de vivre au Luxembourg sur ELLE.lu. Un contenu exclusivement luxembourgeois sur notre site, r\u00e9seaux sociaux et YouTube.","potentialAction":[{"@type":"SearchAction","target":{"@type":"EntryPoint","urlTemplate":"https:\/\/www.elle.lu\/fr\/?s={search_term_string}"},"query-input":{"@type":"PropertyValueSpecification","valueRequired":true,"valueName":"search_term_string"}}],"inLanguage":"fr-FR"},{"@type":"Person","@id":"https:\/\/www.elle.lu\/fr\/#\/schema\/person\/3fa5d507dcc12f34be8eef14429dab5f","name":"Isabelle Debuchy","image":{"@type":"ImageObject","inLanguage":"fr-FR","@id":"https:\/\/secure.gravatar.com\/avatar\/43827824530f9ff21f1c5c795a1ea89f94b1bff09609a51da9316a8ff7e5f7f2?s=96&d=mm&r=g","url":"https:\/\/secure.gravatar.com\/avatar\/43827824530f9ff21f1c5c795a1ea89f94b1bff09609a51da9316a8ff7e5f7f2?s=96&d=mm&r=g","contentUrl":"https:\/\/secure.gravatar.com\/avatar\/43827824530f9ff21f1c5c795a1ea89f94b1bff09609a51da9316a8ff7e5f7f2?s=96&d=mm&r=g","caption":"Isabelle Debuchy"},"url":"https:\/\/www.elle.lu\/fr\/author\/isabelle-debuchy"}]}},"jetpack_featured_media_url":"https:\/\/www.elle.lu\/fr\/wp-content\/uploads\/2025\/10\/by-matthias-muller-3-2.jpg","jetpack_sharing_enabled":true,"_links":{"self":[{"href":"https:\/\/www.elle.lu\/fr\/wp-json\/wp\/v2\/posts\/8470","targetHints":{"allow":["GET"]}}],"collection":[{"href":"https:\/\/www.elle.lu\/fr\/wp-json\/wp\/v2\/posts"}],"about":[{"href":"https:\/\/www.elle.lu\/fr\/wp-json\/wp\/v2\/types\/post"}],"author":[{"embeddable":true,"href":"https:\/\/www.elle.lu\/fr\/wp-json\/wp\/v2\/users\/9"}],"replies":[{"embeddable":true,"href":"https:\/\/www.elle.lu\/fr\/wp-json\/wp\/v2\/comments?post=8470"}],"version-history":[{"count":6,"href":"https:\/\/www.elle.lu\/fr\/wp-json\/wp\/v2\/posts\/8470\/revisions"}],"predecessor-version":[{"id":10002,"href":"https:\/\/www.elle.lu\/fr\/wp-json\/wp\/v2\/posts\/8470\/revisions\/10002"}],"wp:featuredmedia":[{"embeddable":true,"href":"https:\/\/www.elle.lu\/fr\/wp-json\/wp\/v2\/media\/8473"}],"wp:attachment":[{"href":"https:\/\/www.elle.lu\/fr\/wp-json\/wp\/v2\/media?parent=8470"}],"wp:term":[{"taxonomy":"category","embeddable":true,"href":"https:\/\/www.elle.lu\/fr\/wp-json\/wp\/v2\/categories?post=8470"},{"taxonomy":"post_tag","embeddable":true,"href":"https:\/\/www.elle.lu\/fr\/wp-json\/wp\/v2\/tags?post=8470"}],"curies":[{"name":"wp","href":"https:\/\/api.w.org\/{rel}","templated":true}]}}