{"id":8477,"date":"2025-10-21T07:00:38","date_gmt":"2025-10-21T05:00:38","guid":{"rendered":"https:\/\/www.elle.lu\/fr\/?p=8477"},"modified":"2025-10-19T15:43:44","modified_gmt":"2025-10-19T13:43:44","slug":"comment-le-luxembourg-reinvente-linnovation-cosmetique","status":"publish","type":"post","link":"https:\/\/www.elle.lu\/fr\/8477-comment-le-luxembourg-reinvente-linnovation-cosmetique.html","title":{"rendered":"Comment le Luxembourg r\u00e9invente l\u2019innovation cosm\u00e9tique ?"},"content":{"rendered":"","protected":false},"excerpt":{"rendered":"Historiquement, la beaut\u00e9 n\u2019est pas une industrie nationale au Luxembourg. ...","protected":false},"author":49,"featured_media":8478,"comment_status":"open","ping_status":"open","sticky":false,"template":"","format":"standard","meta":{"_acf_changed":false,"_jetpack_memberships_contains_paid_content":false,"footnotes":""},"categories":[3],"tags":[],"class_list":["post-8477","post","type-post","status-publish","format-standard","has-post-thumbnail","hentry","category-beaute"],"acf":[],"yoast_head":"<!-- This site is optimized with the Yoast SEO plugin v27.5 - https:\/\/yoast.com\/product\/yoast-seo-wordpress\/ -->\n<title>Comment le Luxembourg r\u00e9invente l\u2019innovation cosm\u00e9tique ? - ELLE.lu Luxembourg<\/title>\n<meta name=\"description\" content=\"Historiquement, la beaut\u00e9 n\u2019est pas une industrie nationale au Luxembourg. Et pourtant, dans les coulisses, un mod\u00e8le d\u2019innovation cosm\u00e9tique tr\u00e8s singulier prend forme, port\u00e9 par une rigueur scientifique, une excellence industrielle et une exigence artisanale.\" \/>\n<meta name=\"robots\" content=\"index, follow, max-snippet:-1, max-image-preview:large, max-video-preview:-1\" \/>\n<link rel=\"canonical\" href=\"https:\/\/www.elle.lu\/fr\/8477-comment-le-luxembourg-reinvente-linnovation-cosmetique.html\" \/>\n<meta property=\"og:locale\" content=\"fr_FR\" \/>\n<meta property=\"og:type\" content=\"article\" \/>\n<meta property=\"og:title\" content=\"Comment le Luxembourg r\u00e9invente l\u2019innovation cosm\u00e9tique ? - ELLE.lu Luxembourg\" \/>\n<meta property=\"og:description\" content=\"Historiquement, la beaut\u00e9 n\u2019est pas une industrie nationale au Luxembourg. Et pourtant, dans les coulisses, un mod\u00e8le d\u2019innovation cosm\u00e9tique tr\u00e8s singulier prend forme, port\u00e9 par une rigueur scientifique, une excellence industrielle et une exigence artisanale.\" \/>\n<meta property=\"og:url\" content=\"https:\/\/www.elle.lu\/fr\/8477-comment-le-luxembourg-reinvente-linnovation-cosmetique.html\" \/>\n<meta property=\"og:site_name\" content=\"ELLE.lu Luxembourg\" \/>\n<meta property=\"article:published_time\" content=\"2025-10-21T05:00:38+00:00\" \/>\n<meta property=\"og:image\" content=\"https:\/\/www.elle.lu\/fr\/wp-content\/uploads\/2025\/10\/hans-reniers-lqgjcmy5qcm-unsplash.jpg\" \/>\n\t<meta property=\"og:image:width\" content=\"2500\" \/>\n\t<meta property=\"og:image:height\" content=\"1667\" \/>\n\t<meta property=\"og:image:type\" content=\"image\/jpeg\" \/>\n<meta name=\"author\" content=\"Sarah Braun\" \/>\n<meta name=\"twitter:card\" content=\"summary_large_image\" \/>\n<meta name=\"twitter:label1\" content=\"\u00c9crit par\" \/>\n\t<meta name=\"twitter:data1\" content=\"Sarah Braun\" \/>\n\t<meta name=\"twitter:label2\" content=\"Dur\u00e9e de lecture estim\u00e9e\" \/>\n\t<meta name=\"twitter:data2\" content=\"6 minutes\" \/>\n<script type=\"application\/ld+json\" class=\"yoast-schema-graph\">{\"@context\":\"https:\\\/\\\/schema.org\",\"@graph\":[{\"@type\":\"Article\",\"@id\":\"https:\\\/\\\/www.elle.lu\\\/fr\\\/8477-comment-le-luxembourg-reinvente-linnovation-cosmetique.html#article\",\"isPartOf\":{\"@id\":\"https:\\\/\\\/www.elle.lu\\\/fr\\\/8477-comment-le-luxembourg-reinvente-linnovation-cosmetique.html\"},\"author\":{\"name\":\"Sarah Braun\",\"@id\":\"https:\\\/\\\/www.elle.lu\\\/fr\\\/#\\\/schema\\\/person\\\/ac820204224d1a52c950088e1996b007\"},\"headline\":\"Comment le Luxembourg r\u00e9invente l\u2019innovation cosm\u00e9tique ?\",\"datePublished\":\"2025-10-21T05:00:38+00:00\",\"mainEntityOfPage\":{\"@id\":\"https:\\\/\\\/www.elle.lu\\\/fr\\\/8477-comment-le-luxembourg-reinvente-linnovation-cosmetique.html\"},\"wordCount\":1322,\"commentCount\":0,\"image\":{\"@id\":\"https:\\\/\\\/www.elle.lu\\\/fr\\\/8477-comment-le-luxembourg-reinvente-linnovation-cosmetique.html#primaryimage\"},\"thumbnailUrl\":\"https:\\\/\\\/www.elle.lu\\\/fr\\\/wp-content\\\/uploads\\\/2025\\\/10\\\/hans-reniers-lqgjcmy5qcm-unsplash.jpg\",\"articleSection\":[\"Beaut\u00e9\"],\"inLanguage\":\"fr-FR\",\"potentialAction\":[{\"@type\":\"CommentAction\",\"name\":\"Comment\",\"target\":[\"https:\\\/\\\/www.elle.lu\\\/fr\\\/8477-comment-le-luxembourg-reinvente-linnovation-cosmetique.html#respond\"]}]},{\"@type\":\"WebPage\",\"@id\":\"https:\\\/\\\/www.elle.lu\\\/fr\\\/8477-comment-le-luxembourg-reinvente-linnovation-cosmetique.html\",\"url\":\"https:\\\/\\\/www.elle.lu\\\/fr\\\/8477-comment-le-luxembourg-reinvente-linnovation-cosmetique.html\",\"name\":\"Comment le Luxembourg r\u00e9invente l\u2019innovation cosm\u00e9tique ? - ELLE.lu Luxembourg\",\"isPartOf\":{\"@id\":\"https:\\\/\\\/www.elle.lu\\\/fr\\\/#website\"},\"primaryImageOfPage\":{\"@id\":\"https:\\\/\\\/www.elle.lu\\\/fr\\\/8477-comment-le-luxembourg-reinvente-linnovation-cosmetique.html#primaryimage\"},\"image\":{\"@id\":\"https:\\\/\\\/www.elle.lu\\\/fr\\\/8477-comment-le-luxembourg-reinvente-linnovation-cosmetique.html#primaryimage\"},\"thumbnailUrl\":\"https:\\\/\\\/www.elle.lu\\\/fr\\\/wp-content\\\/uploads\\\/2025\\\/10\\\/hans-reniers-lqgjcmy5qcm-unsplash.jpg\",\"datePublished\":\"2025-10-21T05:00:38+00:00\",\"author\":{\"@id\":\"https:\\\/\\\/www.elle.lu\\\/fr\\\/#\\\/schema\\\/person\\\/ac820204224d1a52c950088e1996b007\"},\"description\":\"Historiquement, la beaut\u00e9 n\u2019est pas une industrie nationale au Luxembourg. Et pourtant, dans les coulisses, un mod\u00e8le d\u2019innovation cosm\u00e9tique tr\u00e8s singulier prend forme, port\u00e9 par une rigueur scientifique, une excellence industrielle et une exigence artisanale.\",\"breadcrumb\":{\"@id\":\"https:\\\/\\\/www.elle.lu\\\/fr\\\/8477-comment-le-luxembourg-reinvente-linnovation-cosmetique.html#breadcrumb\"},\"inLanguage\":\"fr-FR\",\"potentialAction\":[{\"@type\":\"ReadAction\",\"target\":[\"https:\\\/\\\/www.elle.lu\\\/fr\\\/8477-comment-le-luxembourg-reinvente-linnovation-cosmetique.html\"]}]},{\"@type\":\"ImageObject\",\"inLanguage\":\"fr-FR\",\"@id\":\"https:\\\/\\\/www.elle.lu\\\/fr\\\/8477-comment-le-luxembourg-reinvente-linnovation-cosmetique.html#primaryimage\",\"url\":\"https:\\\/\\\/www.elle.lu\\\/fr\\\/wp-content\\\/uploads\\\/2025\\\/10\\\/hans-reniers-lqgjcmy5qcm-unsplash.jpg\",\"contentUrl\":\"https:\\\/\\\/www.elle.lu\\\/fr\\\/wp-content\\\/uploads\\\/2025\\\/10\\\/hans-reniers-lqgjcmy5qcm-unsplash.jpg\",\"width\":2500,\"height\":1667,\"caption\":\"\u00a9Unsplash\"},{\"@type\":\"BreadcrumbList\",\"@id\":\"https:\\\/\\\/www.elle.lu\\\/fr\\\/8477-comment-le-luxembourg-reinvente-linnovation-cosmetique.html#breadcrumb\",\"itemListElement\":[{\"@type\":\"ListItem\",\"position\":1,\"name\":\"Accueil\",\"item\":\"https:\\\/\\\/www.elle.lu\\\/fr\"},{\"@type\":\"ListItem\",\"position\":2,\"name\":\"Comment le Luxembourg r\u00e9invente l\u2019innovation cosm\u00e9tique ?\"}]},{\"@type\":\"WebSite\",\"@id\":\"https:\\\/\\\/www.elle.lu\\\/fr\\\/#website\",\"url\":\"https:\\\/\\\/www.elle.lu\\\/fr\\\/\",\"name\":\"ELLE.lu\",\"description\":\"Explorez les derni\u00e8res tendances mode, beaut\u00e9 et art de vivre au Luxembourg sur ELLE.lu. Un contenu exclusivement luxembourgeois sur notre site, r\u00e9seaux sociaux et YouTube.\",\"potentialAction\":[{\"@type\":\"SearchAction\",\"target\":{\"@type\":\"EntryPoint\",\"urlTemplate\":\"https:\\\/\\\/www.elle.lu\\\/fr\\\/?s={search_term_string}\"},\"query-input\":{\"@type\":\"PropertyValueSpecification\",\"valueRequired\":true,\"valueName\":\"search_term_string\"}}],\"inLanguage\":\"fr-FR\"},{\"@type\":\"Person\",\"@id\":\"https:\\\/\\\/www.elle.lu\\\/fr\\\/#\\\/schema\\\/person\\\/ac820204224d1a52c950088e1996b007\",\"name\":\"Sarah Braun\",\"image\":{\"@type\":\"ImageObject\",\"inLanguage\":\"fr-FR\",\"@id\":\"https:\\\/\\\/secure.gravatar.com\\\/avatar\\\/795f10c954947838090d4f384b3a26b2352bf71fd41dd058f378fee046f7ce21?s=96&d=mm&r=g\",\"url\":\"https:\\\/\\\/secure.gravatar.com\\\/avatar\\\/795f10c954947838090d4f384b3a26b2352bf71fd41dd058f378fee046f7ce21?s=96&d=mm&r=g\",\"contentUrl\":\"https:\\\/\\\/secure.gravatar.com\\\/avatar\\\/795f10c954947838090d4f384b3a26b2352bf71fd41dd058f378fee046f7ce21?s=96&d=mm&r=g\",\"caption\":\"Sarah Braun\"},\"url\":\"https:\\\/\\\/www.elle.lu\\\/fr\\\/author\\\/sarahelle-lu\"}]}<\/script>\n<!-- \/ Yoast SEO plugin. -->","yoast_head_json":{"title":"Comment le Luxembourg r\u00e9invente l\u2019innovation cosm\u00e9tique ? - ELLE.lu Luxembourg","description":"Historiquement, la beaut\u00e9 n\u2019est pas une industrie nationale au Luxembourg. Et pourtant, dans les coulisses, un mod\u00e8le d\u2019innovation cosm\u00e9tique tr\u00e8s singulier prend forme, port\u00e9 par une rigueur scientifique, une excellence industrielle et une exigence artisanale.","robots":{"index":"index","follow":"follow","max-snippet":"max-snippet:-1","max-image-preview":"max-image-preview:large","max-video-preview":"max-video-preview:-1"},"canonical":"https:\/\/www.elle.lu\/fr\/8477-comment-le-luxembourg-reinvente-linnovation-cosmetique.html","og_locale":"fr_FR","og_type":"article","og_title":"Comment le Luxembourg r\u00e9invente l\u2019innovation cosm\u00e9tique ? - ELLE.lu Luxembourg","og_description":"Historiquement, la beaut\u00e9 n\u2019est pas une industrie nationale au Luxembourg. Et pourtant, dans les coulisses, un mod\u00e8le d\u2019innovation cosm\u00e9tique tr\u00e8s singulier prend forme, port\u00e9 par une rigueur scientifique, une excellence industrielle et une exigence artisanale.","og_url":"https:\/\/www.elle.lu\/fr\/8477-comment-le-luxembourg-reinvente-linnovation-cosmetique.html","og_site_name":"ELLE.lu Luxembourg","article_published_time":"2025-10-21T05:00:38+00:00","og_image":[{"width":2500,"height":1667,"url":"https:\/\/www.elle.lu\/fr\/wp-content\/uploads\/2025\/10\/hans-reniers-lqgjcmy5qcm-unsplash.jpg","type":"image\/jpeg"}],"author":"Sarah Braun","twitter_card":"summary_large_image","twitter_misc":{"\u00c9crit par":"Sarah Braun","Dur\u00e9e de lecture estim\u00e9e":"6 minutes"},"schema":{"@context":"https:\/\/schema.org","@graph":[{"@type":"Article","@id":"https:\/\/www.elle.lu\/fr\/8477-comment-le-luxembourg-reinvente-linnovation-cosmetique.html#article","isPartOf":{"@id":"https:\/\/www.elle.lu\/fr\/8477-comment-le-luxembourg-reinvente-linnovation-cosmetique.html"},"author":{"name":"Sarah Braun","@id":"https:\/\/www.elle.lu\/fr\/#\/schema\/person\/ac820204224d1a52c950088e1996b007"},"headline":"Comment le Luxembourg r\u00e9invente l\u2019innovation cosm\u00e9tique ?","datePublished":"2025-10-21T05:00:38+00:00","mainEntityOfPage":{"@id":"https:\/\/www.elle.lu\/fr\/8477-comment-le-luxembourg-reinvente-linnovation-cosmetique.html"},"wordCount":1322,"commentCount":0,"image":{"@id":"https:\/\/www.elle.lu\/fr\/8477-comment-le-luxembourg-reinvente-linnovation-cosmetique.html#primaryimage"},"thumbnailUrl":"https:\/\/www.elle.lu\/fr\/wp-content\/uploads\/2025\/10\/hans-reniers-lqgjcmy5qcm-unsplash.jpg","articleSection":["Beaut\u00e9"],"inLanguage":"fr-FR","potentialAction":[{"@type":"CommentAction","name":"Comment","target":["https:\/\/www.elle.lu\/fr\/8477-comment-le-luxembourg-reinvente-linnovation-cosmetique.html#respond"]}]},{"@type":"WebPage","@id":"https:\/\/www.elle.lu\/fr\/8477-comment-le-luxembourg-reinvente-linnovation-cosmetique.html","url":"https:\/\/www.elle.lu\/fr\/8477-comment-le-luxembourg-reinvente-linnovation-cosmetique.html","name":"Comment le Luxembourg r\u00e9invente l\u2019innovation cosm\u00e9tique ? - ELLE.lu Luxembourg","isPartOf":{"@id":"https:\/\/www.elle.lu\/fr\/#website"},"primaryImageOfPage":{"@id":"https:\/\/www.elle.lu\/fr\/8477-comment-le-luxembourg-reinvente-linnovation-cosmetique.html#primaryimage"},"image":{"@id":"https:\/\/www.elle.lu\/fr\/8477-comment-le-luxembourg-reinvente-linnovation-cosmetique.html#primaryimage"},"thumbnailUrl":"https:\/\/www.elle.lu\/fr\/wp-content\/uploads\/2025\/10\/hans-reniers-lqgjcmy5qcm-unsplash.jpg","datePublished":"2025-10-21T05:00:38+00:00","author":{"@id":"https:\/\/www.elle.lu\/fr\/#\/schema\/person\/ac820204224d1a52c950088e1996b007"},"description":"Historiquement, la beaut\u00e9 n\u2019est pas une industrie nationale au Luxembourg. Et pourtant, dans les coulisses, un mod\u00e8le d\u2019innovation cosm\u00e9tique tr\u00e8s singulier prend forme, port\u00e9 par une rigueur scientifique, une excellence industrielle et une exigence artisanale.","breadcrumb":{"@id":"https:\/\/www.elle.lu\/fr\/8477-comment-le-luxembourg-reinvente-linnovation-cosmetique.html#breadcrumb"},"inLanguage":"fr-FR","potentialAction":[{"@type":"ReadAction","target":["https:\/\/www.elle.lu\/fr\/8477-comment-le-luxembourg-reinvente-linnovation-cosmetique.html"]}]},{"@type":"ImageObject","inLanguage":"fr-FR","@id":"https:\/\/www.elle.lu\/fr\/8477-comment-le-luxembourg-reinvente-linnovation-cosmetique.html#primaryimage","url":"https:\/\/www.elle.lu\/fr\/wp-content\/uploads\/2025\/10\/hans-reniers-lqgjcmy5qcm-unsplash.jpg","contentUrl":"https:\/\/www.elle.lu\/fr\/wp-content\/uploads\/2025\/10\/hans-reniers-lqgjcmy5qcm-unsplash.jpg","width":2500,"height":1667,"caption":"\u00a9Unsplash"},{"@type":"BreadcrumbList","@id":"https:\/\/www.elle.lu\/fr\/8477-comment-le-luxembourg-reinvente-linnovation-cosmetique.html#breadcrumb","itemListElement":[{"@type":"ListItem","position":1,"name":"Accueil","item":"https:\/\/www.elle.lu\/fr"},{"@type":"ListItem","position":2,"name":"Comment le Luxembourg r\u00e9invente l\u2019innovation cosm\u00e9tique ?"}]},{"@type":"WebSite","@id":"https:\/\/www.elle.lu\/fr\/#website","url":"https:\/\/www.elle.lu\/fr\/","name":"ELLE.lu","description":"Explorez les derni\u00e8res tendances mode, beaut\u00e9 et art de vivre au Luxembourg sur ELLE.lu. Un contenu exclusivement luxembourgeois sur notre site, r\u00e9seaux sociaux et YouTube.","potentialAction":[{"@type":"SearchAction","target":{"@type":"EntryPoint","urlTemplate":"https:\/\/www.elle.lu\/fr\/?s={search_term_string}"},"query-input":{"@type":"PropertyValueSpecification","valueRequired":true,"valueName":"search_term_string"}}],"inLanguage":"fr-FR"},{"@type":"Person","@id":"https:\/\/www.elle.lu\/fr\/#\/schema\/person\/ac820204224d1a52c950088e1996b007","name":"Sarah Braun","image":{"@type":"ImageObject","inLanguage":"fr-FR","@id":"https:\/\/secure.gravatar.com\/avatar\/795f10c954947838090d4f384b3a26b2352bf71fd41dd058f378fee046f7ce21?s=96&d=mm&r=g","url":"https:\/\/secure.gravatar.com\/avatar\/795f10c954947838090d4f384b3a26b2352bf71fd41dd058f378fee046f7ce21?s=96&d=mm&r=g","contentUrl":"https:\/\/secure.gravatar.com\/avatar\/795f10c954947838090d4f384b3a26b2352bf71fd41dd058f378fee046f7ce21?s=96&d=mm&r=g","caption":"Sarah Braun"},"url":"https:\/\/www.elle.lu\/fr\/author\/sarahelle-lu"}]}},"jetpack_featured_media_url":"https:\/\/www.elle.lu\/fr\/wp-content\/uploads\/2025\/10\/hans-reniers-lqgjcmy5qcm-unsplash.jpg","jetpack_sharing_enabled":true,"_links":{"self":[{"href":"https:\/\/www.elle.lu\/fr\/wp-json\/wp\/v2\/posts\/8477","targetHints":{"allow":["GET"]}}],"collection":[{"href":"https:\/\/www.elle.lu\/fr\/wp-json\/wp\/v2\/posts"}],"about":[{"href":"https:\/\/www.elle.lu\/fr\/wp-json\/wp\/v2\/types\/post"}],"author":[{"embeddable":true,"href":"https:\/\/www.elle.lu\/fr\/wp-json\/wp\/v2\/users\/49"}],"replies":[{"embeddable":true,"href":"https:\/\/www.elle.lu\/fr\/wp-json\/wp\/v2\/comments?post=8477"}],"version-history":[{"count":2,"href":"https:\/\/www.elle.lu\/fr\/wp-json\/wp\/v2\/posts\/8477\/revisions"}],"predecessor-version":[{"id":8480,"href":"https:\/\/www.elle.lu\/fr\/wp-json\/wp\/v2\/posts\/8477\/revisions\/8480"}],"wp:featuredmedia":[{"embeddable":true,"href":"https:\/\/www.elle.lu\/fr\/wp-json\/wp\/v2\/media\/8478"}],"wp:attachment":[{"href":"https:\/\/www.elle.lu\/fr\/wp-json\/wp\/v2\/media?parent=8477"}],"wp:term":[{"taxonomy":"category","embeddable":true,"href":"https:\/\/www.elle.lu\/fr\/wp-json\/wp\/v2\/categories?post=8477"},{"taxonomy":"post_tag","embeddable":true,"href":"https:\/\/www.elle.lu\/fr\/wp-json\/wp\/v2\/tags?post=8477"}],"curies":[{"name":"wp","href":"https:\/\/api.w.org\/{rel}","templated":true}]}}