{"id":8725,"date":"2025-11-11T07:00:20","date_gmt":"2025-11-11T06:00:20","guid":{"rendered":"https:\/\/www.elle.lu\/fr\/?p=8725"},"modified":"2025-11-13T13:11:39","modified_gmt":"2025-11-13T12:11:39","slug":"proteines-culte-du-corps-ou-quete-de-controle","status":"publish","type":"post","link":"https:\/\/www.elle.lu\/fr\/8725-proteines-culte-du-corps-ou-quete-de-controle.html","title":{"rendered":"Prot\u00e9ines : culte du corps ou qu\u00eate de contr\u00f4le ?"},"content":{"rendered":"","protected":false},"excerpt":{"rendered":"\u00c0 chaque \u00e9poque ses lubies alimentaires\u00a0: les ann\u00e9es 1990 ont diabolis\u00e9 les graisses, les suivantes ont d\u00e9clar\u00e9 la guerre au sucre. ...","protected":false},"author":49,"featured_media":8765,"comment_status":"open","ping_status":"open","sticky":false,"template":"","format":"standard","meta":{"_acf_changed":false,"_jetpack_memberships_contains_paid_content":false,"footnotes":""},"categories":[3,11],"tags":[],"class_list":["post-8725","post","type-post","status-publish","format-standard","has-post-thumbnail","hentry","category-beaute","category-sante"],"acf":[],"yoast_head":"<!-- This site is optimized with the Yoast SEO plugin v27.2 - https:\/\/yoast.com\/product\/yoast-seo-wordpress\/ -->\n<title>Prot\u00e9ines : culte du corps ou qu\u00eate de contr\u00f4le ? - ELLE.lu Luxembourg<\/title>\n<meta name=\"description\" content=\"\u00c0 chaque \u00e9poque ses lubies alimentaires\u00a0: les ann\u00e9es 1990 ont diabolis\u00e9 les graisses, les suivantes ont d\u00e9clar\u00e9 la guerre au sucre. Depuis 2020, le code a chang\u00e9 : les prot\u00e9ines sont d\u00e9sormais au centre de l\u2019attention\" \/>\n<meta name=\"robots\" content=\"index, follow, max-snippet:-1, max-image-preview:large, max-video-preview:-1\" \/>\n<link rel=\"canonical\" href=\"https:\/\/www.elle.lu\/fr\/8725-proteines-culte-du-corps-ou-quete-de-controle.html\" \/>\n<meta property=\"og:locale\" content=\"fr_FR\" \/>\n<meta property=\"og:type\" content=\"article\" \/>\n<meta property=\"og:title\" content=\"Prot\u00e9ines : culte du corps ou qu\u00eate de contr\u00f4le ? - ELLE.lu Luxembourg\" \/>\n<meta property=\"og:description\" content=\"\u00c0 chaque \u00e9poque ses lubies alimentaires\u00a0: les ann\u00e9es 1990 ont diabolis\u00e9 les graisses, les suivantes ont d\u00e9clar\u00e9 la guerre au sucre. Depuis 2020, le code a chang\u00e9 : les prot\u00e9ines sont d\u00e9sormais au centre de l\u2019attention\" \/>\n<meta property=\"og:url\" content=\"https:\/\/www.elle.lu\/fr\/8725-proteines-culte-du-corps-ou-quete-de-controle.html\" \/>\n<meta property=\"og:site_name\" content=\"ELLE.lu Luxembourg\" \/>\n<meta property=\"article:published_time\" content=\"2025-11-11T06:00:20+00:00\" \/>\n<meta property=\"article:modified_time\" content=\"2025-11-13T12:11:39+00:00\" \/>\n<meta property=\"og:image\" content=\"https:\/\/www.elle.lu\/fr\/wp-content\/uploads\/2025\/11\/adobestock-1396989340-2.jpeg\" \/>\n\t<meta property=\"og:image:width\" content=\"2500\" \/>\n\t<meta property=\"og:image:height\" content=\"3750\" \/>\n\t<meta property=\"og:image:type\" content=\"image\/jpeg\" \/>\n<meta name=\"author\" content=\"Sarah Braun\" \/>\n<meta name=\"twitter:card\" content=\"summary_large_image\" \/>\n<meta name=\"twitter:label1\" content=\"\u00c9crit par\" \/>\n\t<meta name=\"twitter:data1\" content=\"Sarah Braun\" \/>\n\t<meta name=\"twitter:label2\" content=\"Dur\u00e9e de lecture estim\u00e9e\" \/>\n\t<meta name=\"twitter:data2\" content=\"8 minutes\" \/>\n<script type=\"application\/ld+json\" class=\"yoast-schema-graph\">{\"@context\":\"https:\/\/schema.org\",\"@graph\":[{\"@type\":\"Article\",\"@id\":\"https:\/\/www.elle.lu\/fr\/8725-proteines-culte-du-corps-ou-quete-de-controle.html#article\",\"isPartOf\":{\"@id\":\"https:\/\/www.elle.lu\/fr\/8725-proteines-culte-du-corps-ou-quete-de-controle.html\"},\"author\":{\"name\":\"Sarah Braun\",\"@id\":\"https:\/\/www.elle.lu\/fr\/#\/schema\/person\/ac820204224d1a52c950088e1996b007\"},\"headline\":\"Prot\u00e9ines : culte du corps ou qu\u00eate de contr\u00f4le ?\",\"datePublished\":\"2025-11-11T06:00:20+00:00\",\"dateModified\":\"2025-11-13T12:11:39+00:00\",\"mainEntityOfPage\":{\"@id\":\"https:\/\/www.elle.lu\/fr\/8725-proteines-culte-du-corps-ou-quete-de-controle.html\"},\"wordCount\":1617,\"commentCount\":0,\"image\":{\"@id\":\"https:\/\/www.elle.lu\/fr\/8725-proteines-culte-du-corps-ou-quete-de-controle.html#primaryimage\"},\"thumbnailUrl\":\"https:\/\/www.elle.lu\/fr\/wp-content\/uploads\/2025\/11\/adobestock-1396989340-2.jpeg\",\"articleSection\":[\"Beaut\u00e9\",\"Sant\u00e9\"],\"inLanguage\":\"fr-FR\",\"potentialAction\":[{\"@type\":\"CommentAction\",\"name\":\"Comment\",\"target\":[\"https:\/\/www.elle.lu\/fr\/8725-proteines-culte-du-corps-ou-quete-de-controle.html#respond\"]}]},{\"@type\":\"WebPage\",\"@id\":\"https:\/\/www.elle.lu\/fr\/8725-proteines-culte-du-corps-ou-quete-de-controle.html\",\"url\":\"https:\/\/www.elle.lu\/fr\/8725-proteines-culte-du-corps-ou-quete-de-controle.html\",\"name\":\"Prot\u00e9ines : culte du corps ou qu\u00eate de contr\u00f4le ? - ELLE.lu Luxembourg\",\"isPartOf\":{\"@id\":\"https:\/\/www.elle.lu\/fr\/#website\"},\"primaryImageOfPage\":{\"@id\":\"https:\/\/www.elle.lu\/fr\/8725-proteines-culte-du-corps-ou-quete-de-controle.html#primaryimage\"},\"image\":{\"@id\":\"https:\/\/www.elle.lu\/fr\/8725-proteines-culte-du-corps-ou-quete-de-controle.html#primaryimage\"},\"thumbnailUrl\":\"https:\/\/www.elle.lu\/fr\/wp-content\/uploads\/2025\/11\/adobestock-1396989340-2.jpeg\",\"datePublished\":\"2025-11-11T06:00:20+00:00\",\"dateModified\":\"2025-11-13T12:11:39+00:00\",\"author\":{\"@id\":\"https:\/\/www.elle.lu\/fr\/#\/schema\/person\/ac820204224d1a52c950088e1996b007\"},\"description\":\"\u00c0 chaque \u00e9poque ses lubies alimentaires\u00a0: les ann\u00e9es 1990 ont diabolis\u00e9 les graisses, les suivantes ont d\u00e9clar\u00e9 la guerre au sucre. Depuis 2020, le code a chang\u00e9 : les prot\u00e9ines sont d\u00e9sormais au centre de l\u2019attention\",\"breadcrumb\":{\"@id\":\"https:\/\/www.elle.lu\/fr\/8725-proteines-culte-du-corps-ou-quete-de-controle.html#breadcrumb\"},\"inLanguage\":\"fr-FR\",\"potentialAction\":[{\"@type\":\"ReadAction\",\"target\":[\"https:\/\/www.elle.lu\/fr\/8725-proteines-culte-du-corps-ou-quete-de-controle.html\"]}]},{\"@type\":\"ImageObject\",\"inLanguage\":\"fr-FR\",\"@id\":\"https:\/\/www.elle.lu\/fr\/8725-proteines-culte-du-corps-ou-quete-de-controle.html#primaryimage\",\"url\":\"https:\/\/www.elle.lu\/fr\/wp-content\/uploads\/2025\/11\/adobestock-1396989340-2.jpeg\",\"contentUrl\":\"https:\/\/www.elle.lu\/fr\/wp-content\/uploads\/2025\/11\/adobestock-1396989340-2.jpeg\",\"width\":2500,\"height\":3750,\"caption\":\"\u00a9Adobe Stock\"},{\"@type\":\"BreadcrumbList\",\"@id\":\"https:\/\/www.elle.lu\/fr\/8725-proteines-culte-du-corps-ou-quete-de-controle.html#breadcrumb\",\"itemListElement\":[{\"@type\":\"ListItem\",\"position\":1,\"name\":\"Accueil\",\"item\":\"https:\/\/www.elle.lu\/fr\"},{\"@type\":\"ListItem\",\"position\":2,\"name\":\"Prot\u00e9ines : culte du corps ou qu\u00eate de contr\u00f4le ?\"}]},{\"@type\":\"WebSite\",\"@id\":\"https:\/\/www.elle.lu\/fr\/#website\",\"url\":\"https:\/\/www.elle.lu\/fr\/\",\"name\":\"ELLE.lu\",\"description\":\"Explorez les derni\u00e8res tendances mode, beaut\u00e9 et art de vivre au Luxembourg sur ELLE.lu. Un contenu exclusivement luxembourgeois sur notre site, r\u00e9seaux sociaux et YouTube.\",\"potentialAction\":[{\"@type\":\"SearchAction\",\"target\":{\"@type\":\"EntryPoint\",\"urlTemplate\":\"https:\/\/www.elle.lu\/fr\/?s={search_term_string}\"},\"query-input\":{\"@type\":\"PropertyValueSpecification\",\"valueRequired\":true,\"valueName\":\"search_term_string\"}}],\"inLanguage\":\"fr-FR\"},{\"@type\":\"Person\",\"@id\":\"https:\/\/www.elle.lu\/fr\/#\/schema\/person\/ac820204224d1a52c950088e1996b007\",\"name\":\"Sarah Braun\",\"image\":{\"@type\":\"ImageObject\",\"inLanguage\":\"fr-FR\",\"@id\":\"https:\/\/secure.gravatar.com\/avatar\/795f10c954947838090d4f384b3a26b2352bf71fd41dd058f378fee046f7ce21?s=96&d=mm&r=g\",\"url\":\"https:\/\/secure.gravatar.com\/avatar\/795f10c954947838090d4f384b3a26b2352bf71fd41dd058f378fee046f7ce21?s=96&d=mm&r=g\",\"contentUrl\":\"https:\/\/secure.gravatar.com\/avatar\/795f10c954947838090d4f384b3a26b2352bf71fd41dd058f378fee046f7ce21?s=96&d=mm&r=g\",\"caption\":\"Sarah Braun\"},\"url\":\"https:\/\/www.elle.lu\/fr\/author\/sarahelle-lu\"}]}<\/script>\n<!-- \/ Yoast SEO plugin. -->","yoast_head_json":{"title":"Prot\u00e9ines : culte du corps ou qu\u00eate de contr\u00f4le ? - ELLE.lu Luxembourg","description":"\u00c0 chaque \u00e9poque ses lubies alimentaires\u00a0: les ann\u00e9es 1990 ont diabolis\u00e9 les graisses, les suivantes ont d\u00e9clar\u00e9 la guerre au sucre. Depuis 2020, le code a chang\u00e9 : les prot\u00e9ines sont d\u00e9sormais au centre de l\u2019attention","robots":{"index":"index","follow":"follow","max-snippet":"max-snippet:-1","max-image-preview":"max-image-preview:large","max-video-preview":"max-video-preview:-1"},"canonical":"https:\/\/www.elle.lu\/fr\/8725-proteines-culte-du-corps-ou-quete-de-controle.html","og_locale":"fr_FR","og_type":"article","og_title":"Prot\u00e9ines : culte du corps ou qu\u00eate de contr\u00f4le ? - ELLE.lu Luxembourg","og_description":"\u00c0 chaque \u00e9poque ses lubies alimentaires\u00a0: les ann\u00e9es 1990 ont diabolis\u00e9 les graisses, les suivantes ont d\u00e9clar\u00e9 la guerre au sucre. Depuis 2020, le code a chang\u00e9 : les prot\u00e9ines sont d\u00e9sormais au centre de l\u2019attention","og_url":"https:\/\/www.elle.lu\/fr\/8725-proteines-culte-du-corps-ou-quete-de-controle.html","og_site_name":"ELLE.lu Luxembourg","article_published_time":"2025-11-11T06:00:20+00:00","article_modified_time":"2025-11-13T12:11:39+00:00","og_image":[{"width":2500,"height":3750,"url":"https:\/\/www.elle.lu\/fr\/wp-content\/uploads\/2025\/11\/adobestock-1396989340-2.jpeg","type":"image\/jpeg"}],"author":"Sarah Braun","twitter_card":"summary_large_image","twitter_misc":{"\u00c9crit par":"Sarah Braun","Dur\u00e9e de lecture estim\u00e9e":"8 minutes"},"schema":{"@context":"https:\/\/schema.org","@graph":[{"@type":"Article","@id":"https:\/\/www.elle.lu\/fr\/8725-proteines-culte-du-corps-ou-quete-de-controle.html#article","isPartOf":{"@id":"https:\/\/www.elle.lu\/fr\/8725-proteines-culte-du-corps-ou-quete-de-controle.html"},"author":{"name":"Sarah Braun","@id":"https:\/\/www.elle.lu\/fr\/#\/schema\/person\/ac820204224d1a52c950088e1996b007"},"headline":"Prot\u00e9ines : culte du corps ou qu\u00eate de contr\u00f4le ?","datePublished":"2025-11-11T06:00:20+00:00","dateModified":"2025-11-13T12:11:39+00:00","mainEntityOfPage":{"@id":"https:\/\/www.elle.lu\/fr\/8725-proteines-culte-du-corps-ou-quete-de-controle.html"},"wordCount":1617,"commentCount":0,"image":{"@id":"https:\/\/www.elle.lu\/fr\/8725-proteines-culte-du-corps-ou-quete-de-controle.html#primaryimage"},"thumbnailUrl":"https:\/\/www.elle.lu\/fr\/wp-content\/uploads\/2025\/11\/adobestock-1396989340-2.jpeg","articleSection":["Beaut\u00e9","Sant\u00e9"],"inLanguage":"fr-FR","potentialAction":[{"@type":"CommentAction","name":"Comment","target":["https:\/\/www.elle.lu\/fr\/8725-proteines-culte-du-corps-ou-quete-de-controle.html#respond"]}]},{"@type":"WebPage","@id":"https:\/\/www.elle.lu\/fr\/8725-proteines-culte-du-corps-ou-quete-de-controle.html","url":"https:\/\/www.elle.lu\/fr\/8725-proteines-culte-du-corps-ou-quete-de-controle.html","name":"Prot\u00e9ines : culte du corps ou qu\u00eate de contr\u00f4le ? - ELLE.lu Luxembourg","isPartOf":{"@id":"https:\/\/www.elle.lu\/fr\/#website"},"primaryImageOfPage":{"@id":"https:\/\/www.elle.lu\/fr\/8725-proteines-culte-du-corps-ou-quete-de-controle.html#primaryimage"},"image":{"@id":"https:\/\/www.elle.lu\/fr\/8725-proteines-culte-du-corps-ou-quete-de-controle.html#primaryimage"},"thumbnailUrl":"https:\/\/www.elle.lu\/fr\/wp-content\/uploads\/2025\/11\/adobestock-1396989340-2.jpeg","datePublished":"2025-11-11T06:00:20+00:00","dateModified":"2025-11-13T12:11:39+00:00","author":{"@id":"https:\/\/www.elle.lu\/fr\/#\/schema\/person\/ac820204224d1a52c950088e1996b007"},"description":"\u00c0 chaque \u00e9poque ses lubies alimentaires\u00a0: les ann\u00e9es 1990 ont diabolis\u00e9 les graisses, les suivantes ont d\u00e9clar\u00e9 la guerre au sucre. Depuis 2020, le code a chang\u00e9 : les prot\u00e9ines sont d\u00e9sormais au centre de l\u2019attention","breadcrumb":{"@id":"https:\/\/www.elle.lu\/fr\/8725-proteines-culte-du-corps-ou-quete-de-controle.html#breadcrumb"},"inLanguage":"fr-FR","potentialAction":[{"@type":"ReadAction","target":["https:\/\/www.elle.lu\/fr\/8725-proteines-culte-du-corps-ou-quete-de-controle.html"]}]},{"@type":"ImageObject","inLanguage":"fr-FR","@id":"https:\/\/www.elle.lu\/fr\/8725-proteines-culte-du-corps-ou-quete-de-controle.html#primaryimage","url":"https:\/\/www.elle.lu\/fr\/wp-content\/uploads\/2025\/11\/adobestock-1396989340-2.jpeg","contentUrl":"https:\/\/www.elle.lu\/fr\/wp-content\/uploads\/2025\/11\/adobestock-1396989340-2.jpeg","width":2500,"height":3750,"caption":"\u00a9Adobe Stock"},{"@type":"BreadcrumbList","@id":"https:\/\/www.elle.lu\/fr\/8725-proteines-culte-du-corps-ou-quete-de-controle.html#breadcrumb","itemListElement":[{"@type":"ListItem","position":1,"name":"Accueil","item":"https:\/\/www.elle.lu\/fr"},{"@type":"ListItem","position":2,"name":"Prot\u00e9ines : culte du corps ou qu\u00eate de contr\u00f4le ?"}]},{"@type":"WebSite","@id":"https:\/\/www.elle.lu\/fr\/#website","url":"https:\/\/www.elle.lu\/fr\/","name":"ELLE.lu","description":"Explorez les derni\u00e8res tendances mode, beaut\u00e9 et art de vivre au Luxembourg sur ELLE.lu. Un contenu exclusivement luxembourgeois sur notre site, r\u00e9seaux sociaux et YouTube.","potentialAction":[{"@type":"SearchAction","target":{"@type":"EntryPoint","urlTemplate":"https:\/\/www.elle.lu\/fr\/?s={search_term_string}"},"query-input":{"@type":"PropertyValueSpecification","valueRequired":true,"valueName":"search_term_string"}}],"inLanguage":"fr-FR"},{"@type":"Person","@id":"https:\/\/www.elle.lu\/fr\/#\/schema\/person\/ac820204224d1a52c950088e1996b007","name":"Sarah Braun","image":{"@type":"ImageObject","inLanguage":"fr-FR","@id":"https:\/\/secure.gravatar.com\/avatar\/795f10c954947838090d4f384b3a26b2352bf71fd41dd058f378fee046f7ce21?s=96&d=mm&r=g","url":"https:\/\/secure.gravatar.com\/avatar\/795f10c954947838090d4f384b3a26b2352bf71fd41dd058f378fee046f7ce21?s=96&d=mm&r=g","contentUrl":"https:\/\/secure.gravatar.com\/avatar\/795f10c954947838090d4f384b3a26b2352bf71fd41dd058f378fee046f7ce21?s=96&d=mm&r=g","caption":"Sarah Braun"},"url":"https:\/\/www.elle.lu\/fr\/author\/sarahelle-lu"}]}},"jetpack_featured_media_url":"https:\/\/www.elle.lu\/fr\/wp-content\/uploads\/2025\/11\/adobestock-1396989340-2.jpeg","jetpack_sharing_enabled":true,"_links":{"self":[{"href":"https:\/\/www.elle.lu\/fr\/wp-json\/wp\/v2\/posts\/8725","targetHints":{"allow":["GET"]}}],"collection":[{"href":"https:\/\/www.elle.lu\/fr\/wp-json\/wp\/v2\/posts"}],"about":[{"href":"https:\/\/www.elle.lu\/fr\/wp-json\/wp\/v2\/types\/post"}],"author":[{"embeddable":true,"href":"https:\/\/www.elle.lu\/fr\/wp-json\/wp\/v2\/users\/49"}],"replies":[{"embeddable":true,"href":"https:\/\/www.elle.lu\/fr\/wp-json\/wp\/v2\/comments?post=8725"}],"version-history":[{"count":1,"href":"https:\/\/www.elle.lu\/fr\/wp-json\/wp\/v2\/posts\/8725\/revisions"}],"predecessor-version":[{"id":8727,"href":"https:\/\/www.elle.lu\/fr\/wp-json\/wp\/v2\/posts\/8725\/revisions\/8727"}],"wp:featuredmedia":[{"embeddable":true,"href":"https:\/\/www.elle.lu\/fr\/wp-json\/wp\/v2\/media\/8765"}],"wp:attachment":[{"href":"https:\/\/www.elle.lu\/fr\/wp-json\/wp\/v2\/media?parent=8725"}],"wp:term":[{"taxonomy":"category","embeddable":true,"href":"https:\/\/www.elle.lu\/fr\/wp-json\/wp\/v2\/categories?post=8725"},{"taxonomy":"post_tag","embeddable":true,"href":"https:\/\/www.elle.lu\/fr\/wp-json\/wp\/v2\/tags?post=8725"}],"curies":[{"name":"wp","href":"https:\/\/api.w.org\/{rel}","templated":true}]}}