{"id":9000,"date":"2025-12-04T10:00:51","date_gmt":"2025-12-04T09:00:51","guid":{"rendered":"https:\/\/www.elle.lu\/fr\/?p=9000"},"modified":"2025-12-12T08:53:32","modified_gmt":"2025-12-12T07:53:32","slug":"yoyo-lander-expose-a-la-galerie-zidoun-bossuyt-a-luxemboourg-le-corps-comme-territoire","status":"publish","type":"post","link":"https:\/\/www.elle.lu\/fr\/9000-yoyo-lander-expose-a-la-galerie-zidoun-bossuyt-a-luxemboourg-le-corps-comme-territoire.html","title":{"rendered":"YoYo Lander\u00a0expose \u00e0 la galerie Zidoun-Bossuyt \u00e0 Luxembourg : le corps comme territoire"},"content":{"rendered":"","protected":false},"excerpt":{"rendered":"Pour sa premi\u00e8re exposition solo en Europe, pr\u00e9sent\u00e9e par la galerie Zidoun-Bossuyt dans le cadre de la 11e Luxembourg Art Week, YoYo Lander expose un ensemble d\u2019\u0153uvres qui condensent plus de dix ans de recherche sur le corps, sa pr\u00e9sence, ses appuis, ses failles et sa lumi\u00e8re.","protected":false},"author":49,"featured_media":8965,"comment_status":"open","ping_status":"open","sticky":false,"template":"","format":"standard","meta":{"_acf_changed":false,"_jetpack_memberships_contains_paid_content":false,"footnotes":""},"categories":[13],"tags":[],"class_list":["post-9000","post","type-post","status-publish","format-standard","has-post-thumbnail","hentry","category-culture"],"acf":[],"yoast_head":"<!-- This site is optimized with the Yoast SEO plugin v27.2 - https:\/\/yoast.com\/product\/yoast-seo-wordpress\/ -->\n<title>YoYo Lander\u00a0expose \u00e0 la galerie Zidoun-Bossuyt \u00e0 Luxembourg : le corps comme territoire - ELLE.lu Luxembourg<\/title>\n<meta name=\"description\" content=\"Pour sa premi\u00e8re exposition solo en Europe, pr\u00e9sent\u00e9e par la galerie Zidoun-Bossuyt dans le cadre de la 11e Luxembourg Art Week, YoYo Lander expose un ensemble d\u2019\u0153uvres qui condensent plus de dix ans de recherche sur le corps, sa pr\u00e9sence, ses appuis, ses failles et sa lumi\u00e8re.\" \/>\n<meta name=\"robots\" content=\"index, follow, max-snippet:-1, max-image-preview:large, max-video-preview:-1\" \/>\n<link rel=\"canonical\" href=\"https:\/\/www.elle.lu\/fr\/9000-yoyo-lander-expose-a-la-galerie-zidoun-bossuyt-a-luxemboourg-le-corps-comme-territoire.html\" \/>\n<meta property=\"og:locale\" content=\"fr_FR\" \/>\n<meta property=\"og:type\" content=\"article\" \/>\n<meta property=\"og:title\" content=\"YoYo Lander\u00a0expose \u00e0 la galerie Zidoun-Bossuyt \u00e0 Luxembourg : le corps comme territoire - ELLE.lu Luxembourg\" \/>\n<meta property=\"og:description\" content=\"Pour sa premi\u00e8re exposition solo en Europe, pr\u00e9sent\u00e9e par la galerie Zidoun-Bossuyt dans le cadre de la 11e Luxembourg Art Week, YoYo Lander expose un ensemble d\u2019\u0153uvres qui condensent plus de dix ans de recherche sur le corps, sa pr\u00e9sence, ses appuis, ses failles et sa lumi\u00e8re.\" \/>\n<meta property=\"og:url\" content=\"https:\/\/www.elle.lu\/fr\/9000-yoyo-lander-expose-a-la-galerie-zidoun-bossuyt-a-luxemboourg-le-corps-comme-territoire.html\" \/>\n<meta property=\"og:site_name\" content=\"ELLE.lu Luxembourg\" \/>\n<meta property=\"article:published_time\" content=\"2025-12-04T09:00:51+00:00\" \/>\n<meta property=\"article:modified_time\" content=\"2025-12-12T07:53:32+00:00\" \/>\n<meta property=\"og:image\" content=\"https:\/\/www.elle.lu\/fr\/wp-content\/uploads\/2025\/12\/finalyesok-mg-1787.jpg\" \/>\n\t<meta property=\"og:image:width\" content=\"2560\" \/>\n\t<meta property=\"og:image:height\" content=\"1707\" \/>\n\t<meta property=\"og:image:type\" content=\"image\/jpeg\" \/>\n<meta name=\"author\" content=\"Sarah Braun\" \/>\n<meta name=\"twitter:card\" content=\"summary_large_image\" \/>\n<meta name=\"twitter:label1\" content=\"\u00c9crit par\" \/>\n\t<meta name=\"twitter:data1\" content=\"Sarah Braun\" \/>\n\t<meta name=\"twitter:label2\" content=\"Dur\u00e9e de lecture estim\u00e9e\" \/>\n\t<meta name=\"twitter:data2\" content=\"6 minutes\" \/>\n<script type=\"application\/ld+json\" class=\"yoast-schema-graph\">{\"@context\":\"https:\/\/schema.org\",\"@graph\":[{\"@type\":\"Article\",\"@id\":\"https:\/\/www.elle.lu\/fr\/9000-yoyo-lander-expose-a-la-galerie-zidoun-bossuyt-a-luxemboourg-le-corps-comme-territoire.html#article\",\"isPartOf\":{\"@id\":\"https:\/\/www.elle.lu\/fr\/9000-yoyo-lander-expose-a-la-galerie-zidoun-bossuyt-a-luxemboourg-le-corps-comme-territoire.html\"},\"author\":{\"name\":\"Sarah Braun\",\"@id\":\"https:\/\/www.elle.lu\/fr\/#\/schema\/person\/ac820204224d1a52c950088e1996b007\"},\"headline\":\"YoYo Lander\u00a0expose \u00e0 la galerie Zidoun-Bossuyt \u00e0 Luxembourg : le corps comme territoire\",\"datePublished\":\"2025-12-04T09:00:51+00:00\",\"dateModified\":\"2025-12-12T07:53:32+00:00\",\"mainEntityOfPage\":{\"@id\":\"https:\/\/www.elle.lu\/fr\/9000-yoyo-lander-expose-a-la-galerie-zidoun-bossuyt-a-luxemboourg-le-corps-comme-territoire.html\"},\"wordCount\":1262,\"commentCount\":0,\"image\":{\"@id\":\"https:\/\/www.elle.lu\/fr\/9000-yoyo-lander-expose-a-la-galerie-zidoun-bossuyt-a-luxemboourg-le-corps-comme-territoire.html#primaryimage\"},\"thumbnailUrl\":\"https:\/\/www.elle.lu\/fr\/wp-content\/uploads\/2025\/12\/finalyesok-mg-1787.jpg\",\"articleSection\":[\"Culture\"],\"inLanguage\":\"fr-FR\",\"potentialAction\":[{\"@type\":\"CommentAction\",\"name\":\"Comment\",\"target\":[\"https:\/\/www.elle.lu\/fr\/9000-yoyo-lander-expose-a-la-galerie-zidoun-bossuyt-a-luxemboourg-le-corps-comme-territoire.html#respond\"]}]},{\"@type\":\"WebPage\",\"@id\":\"https:\/\/www.elle.lu\/fr\/9000-yoyo-lander-expose-a-la-galerie-zidoun-bossuyt-a-luxemboourg-le-corps-comme-territoire.html\",\"url\":\"https:\/\/www.elle.lu\/fr\/9000-yoyo-lander-expose-a-la-galerie-zidoun-bossuyt-a-luxemboourg-le-corps-comme-territoire.html\",\"name\":\"YoYo Lander\u00a0expose \u00e0 la galerie Zidoun-Bossuyt \u00e0 Luxembourg : le corps comme territoire - ELLE.lu Luxembourg\",\"isPartOf\":{\"@id\":\"https:\/\/www.elle.lu\/fr\/#website\"},\"primaryImageOfPage\":{\"@id\":\"https:\/\/www.elle.lu\/fr\/9000-yoyo-lander-expose-a-la-galerie-zidoun-bossuyt-a-luxemboourg-le-corps-comme-territoire.html#primaryimage\"},\"image\":{\"@id\":\"https:\/\/www.elle.lu\/fr\/9000-yoyo-lander-expose-a-la-galerie-zidoun-bossuyt-a-luxemboourg-le-corps-comme-territoire.html#primaryimage\"},\"thumbnailUrl\":\"https:\/\/www.elle.lu\/fr\/wp-content\/uploads\/2025\/12\/finalyesok-mg-1787.jpg\",\"datePublished\":\"2025-12-04T09:00:51+00:00\",\"dateModified\":\"2025-12-12T07:53:32+00:00\",\"author\":{\"@id\":\"https:\/\/www.elle.lu\/fr\/#\/schema\/person\/ac820204224d1a52c950088e1996b007\"},\"description\":\"Pour sa premi\u00e8re exposition solo en Europe, pr\u00e9sent\u00e9e par la galerie Zidoun-Bossuyt dans le cadre de la 11e Luxembourg Art Week, YoYo Lander expose un ensemble d\u2019\u0153uvres qui condensent plus de dix ans de recherche sur le corps, sa pr\u00e9sence, ses appuis, ses failles et sa lumi\u00e8re.\",\"breadcrumb\":{\"@id\":\"https:\/\/www.elle.lu\/fr\/9000-yoyo-lander-expose-a-la-galerie-zidoun-bossuyt-a-luxemboourg-le-corps-comme-territoire.html#breadcrumb\"},\"inLanguage\":\"fr-FR\",\"potentialAction\":[{\"@type\":\"ReadAction\",\"target\":[\"https:\/\/www.elle.lu\/fr\/9000-yoyo-lander-expose-a-la-galerie-zidoun-bossuyt-a-luxemboourg-le-corps-comme-territoire.html\"]}]},{\"@type\":\"ImageObject\",\"inLanguage\":\"fr-FR\",\"@id\":\"https:\/\/www.elle.lu\/fr\/9000-yoyo-lander-expose-a-la-galerie-zidoun-bossuyt-a-luxemboourg-le-corps-comme-territoire.html#primaryimage\",\"url\":\"https:\/\/www.elle.lu\/fr\/wp-content\/uploads\/2025\/12\/finalyesok-mg-1787.jpg\",\"contentUrl\":\"https:\/\/www.elle.lu\/fr\/wp-content\/uploads\/2025\/12\/finalyesok-mg-1787.jpg\",\"width\":2560,\"height\":1707,\"caption\":\"Courtesy of Galerie Zidoun-Bossuyt\"},{\"@type\":\"BreadcrumbList\",\"@id\":\"https:\/\/www.elle.lu\/fr\/9000-yoyo-lander-expose-a-la-galerie-zidoun-bossuyt-a-luxemboourg-le-corps-comme-territoire.html#breadcrumb\",\"itemListElement\":[{\"@type\":\"ListItem\",\"position\":1,\"name\":\"Accueil\",\"item\":\"https:\/\/www.elle.lu\/fr\"},{\"@type\":\"ListItem\",\"position\":2,\"name\":\"YoYo Lander\u00a0expose \u00e0 la galerie Zidoun-Bossuyt \u00e0 Luxembourg : le corps comme territoire\"}]},{\"@type\":\"WebSite\",\"@id\":\"https:\/\/www.elle.lu\/fr\/#website\",\"url\":\"https:\/\/www.elle.lu\/fr\/\",\"name\":\"ELLE.lu\",\"description\":\"Explorez les derni\u00e8res tendances mode, beaut\u00e9 et art de vivre au Luxembourg sur ELLE.lu. Un contenu exclusivement luxembourgeois sur notre site, r\u00e9seaux sociaux et YouTube.\",\"potentialAction\":[{\"@type\":\"SearchAction\",\"target\":{\"@type\":\"EntryPoint\",\"urlTemplate\":\"https:\/\/www.elle.lu\/fr\/?s={search_term_string}\"},\"query-input\":{\"@type\":\"PropertyValueSpecification\",\"valueRequired\":true,\"valueName\":\"search_term_string\"}}],\"inLanguage\":\"fr-FR\"},{\"@type\":\"Person\",\"@id\":\"https:\/\/www.elle.lu\/fr\/#\/schema\/person\/ac820204224d1a52c950088e1996b007\",\"name\":\"Sarah Braun\",\"image\":{\"@type\":\"ImageObject\",\"inLanguage\":\"fr-FR\",\"@id\":\"https:\/\/secure.gravatar.com\/avatar\/795f10c954947838090d4f384b3a26b2352bf71fd41dd058f378fee046f7ce21?s=96&d=mm&r=g\",\"url\":\"https:\/\/secure.gravatar.com\/avatar\/795f10c954947838090d4f384b3a26b2352bf71fd41dd058f378fee046f7ce21?s=96&d=mm&r=g\",\"contentUrl\":\"https:\/\/secure.gravatar.com\/avatar\/795f10c954947838090d4f384b3a26b2352bf71fd41dd058f378fee046f7ce21?s=96&d=mm&r=g\",\"caption\":\"Sarah Braun\"},\"url\":\"https:\/\/www.elle.lu\/fr\/author\/sarahelle-lu\"}]}<\/script>\n<!-- \/ Yoast SEO plugin. -->","yoast_head_json":{"title":"YoYo Lander\u00a0expose \u00e0 la galerie Zidoun-Bossuyt \u00e0 Luxembourg : le corps comme territoire - ELLE.lu Luxembourg","description":"Pour sa premi\u00e8re exposition solo en Europe, pr\u00e9sent\u00e9e par la galerie Zidoun-Bossuyt dans le cadre de la 11e Luxembourg Art Week, YoYo Lander expose un ensemble d\u2019\u0153uvres qui condensent plus de dix ans de recherche sur le corps, sa pr\u00e9sence, ses appuis, ses failles et sa lumi\u00e8re.","robots":{"index":"index","follow":"follow","max-snippet":"max-snippet:-1","max-image-preview":"max-image-preview:large","max-video-preview":"max-video-preview:-1"},"canonical":"https:\/\/www.elle.lu\/fr\/9000-yoyo-lander-expose-a-la-galerie-zidoun-bossuyt-a-luxemboourg-le-corps-comme-territoire.html","og_locale":"fr_FR","og_type":"article","og_title":"YoYo Lander\u00a0expose \u00e0 la galerie Zidoun-Bossuyt \u00e0 Luxembourg : le corps comme territoire - ELLE.lu Luxembourg","og_description":"Pour sa premi\u00e8re exposition solo en Europe, pr\u00e9sent\u00e9e par la galerie Zidoun-Bossuyt dans le cadre de la 11e Luxembourg Art Week, YoYo Lander expose un ensemble d\u2019\u0153uvres qui condensent plus de dix ans de recherche sur le corps, sa pr\u00e9sence, ses appuis, ses failles et sa lumi\u00e8re.","og_url":"https:\/\/www.elle.lu\/fr\/9000-yoyo-lander-expose-a-la-galerie-zidoun-bossuyt-a-luxemboourg-le-corps-comme-territoire.html","og_site_name":"ELLE.lu Luxembourg","article_published_time":"2025-12-04T09:00:51+00:00","article_modified_time":"2025-12-12T07:53:32+00:00","og_image":[{"width":2560,"height":1707,"url":"https:\/\/www.elle.lu\/fr\/wp-content\/uploads\/2025\/12\/finalyesok-mg-1787.jpg","type":"image\/jpeg"}],"author":"Sarah Braun","twitter_card":"summary_large_image","twitter_misc":{"\u00c9crit par":"Sarah Braun","Dur\u00e9e de lecture estim\u00e9e":"6 minutes"},"schema":{"@context":"https:\/\/schema.org","@graph":[{"@type":"Article","@id":"https:\/\/www.elle.lu\/fr\/9000-yoyo-lander-expose-a-la-galerie-zidoun-bossuyt-a-luxemboourg-le-corps-comme-territoire.html#article","isPartOf":{"@id":"https:\/\/www.elle.lu\/fr\/9000-yoyo-lander-expose-a-la-galerie-zidoun-bossuyt-a-luxemboourg-le-corps-comme-territoire.html"},"author":{"name":"Sarah Braun","@id":"https:\/\/www.elle.lu\/fr\/#\/schema\/person\/ac820204224d1a52c950088e1996b007"},"headline":"YoYo Lander\u00a0expose \u00e0 la galerie Zidoun-Bossuyt \u00e0 Luxembourg : le corps comme territoire","datePublished":"2025-12-04T09:00:51+00:00","dateModified":"2025-12-12T07:53:32+00:00","mainEntityOfPage":{"@id":"https:\/\/www.elle.lu\/fr\/9000-yoyo-lander-expose-a-la-galerie-zidoun-bossuyt-a-luxemboourg-le-corps-comme-territoire.html"},"wordCount":1262,"commentCount":0,"image":{"@id":"https:\/\/www.elle.lu\/fr\/9000-yoyo-lander-expose-a-la-galerie-zidoun-bossuyt-a-luxemboourg-le-corps-comme-territoire.html#primaryimage"},"thumbnailUrl":"https:\/\/www.elle.lu\/fr\/wp-content\/uploads\/2025\/12\/finalyesok-mg-1787.jpg","articleSection":["Culture"],"inLanguage":"fr-FR","potentialAction":[{"@type":"CommentAction","name":"Comment","target":["https:\/\/www.elle.lu\/fr\/9000-yoyo-lander-expose-a-la-galerie-zidoun-bossuyt-a-luxemboourg-le-corps-comme-territoire.html#respond"]}]},{"@type":"WebPage","@id":"https:\/\/www.elle.lu\/fr\/9000-yoyo-lander-expose-a-la-galerie-zidoun-bossuyt-a-luxemboourg-le-corps-comme-territoire.html","url":"https:\/\/www.elle.lu\/fr\/9000-yoyo-lander-expose-a-la-galerie-zidoun-bossuyt-a-luxemboourg-le-corps-comme-territoire.html","name":"YoYo Lander\u00a0expose \u00e0 la galerie Zidoun-Bossuyt \u00e0 Luxembourg : le corps comme territoire - ELLE.lu Luxembourg","isPartOf":{"@id":"https:\/\/www.elle.lu\/fr\/#website"},"primaryImageOfPage":{"@id":"https:\/\/www.elle.lu\/fr\/9000-yoyo-lander-expose-a-la-galerie-zidoun-bossuyt-a-luxemboourg-le-corps-comme-territoire.html#primaryimage"},"image":{"@id":"https:\/\/www.elle.lu\/fr\/9000-yoyo-lander-expose-a-la-galerie-zidoun-bossuyt-a-luxemboourg-le-corps-comme-territoire.html#primaryimage"},"thumbnailUrl":"https:\/\/www.elle.lu\/fr\/wp-content\/uploads\/2025\/12\/finalyesok-mg-1787.jpg","datePublished":"2025-12-04T09:00:51+00:00","dateModified":"2025-12-12T07:53:32+00:00","author":{"@id":"https:\/\/www.elle.lu\/fr\/#\/schema\/person\/ac820204224d1a52c950088e1996b007"},"description":"Pour sa premi\u00e8re exposition solo en Europe, pr\u00e9sent\u00e9e par la galerie Zidoun-Bossuyt dans le cadre de la 11e Luxembourg Art Week, YoYo Lander expose un ensemble d\u2019\u0153uvres qui condensent plus de dix ans de recherche sur le corps, sa pr\u00e9sence, ses appuis, ses failles et sa lumi\u00e8re.","breadcrumb":{"@id":"https:\/\/www.elle.lu\/fr\/9000-yoyo-lander-expose-a-la-galerie-zidoun-bossuyt-a-luxemboourg-le-corps-comme-territoire.html#breadcrumb"},"inLanguage":"fr-FR","potentialAction":[{"@type":"ReadAction","target":["https:\/\/www.elle.lu\/fr\/9000-yoyo-lander-expose-a-la-galerie-zidoun-bossuyt-a-luxemboourg-le-corps-comme-territoire.html"]}]},{"@type":"ImageObject","inLanguage":"fr-FR","@id":"https:\/\/www.elle.lu\/fr\/9000-yoyo-lander-expose-a-la-galerie-zidoun-bossuyt-a-luxemboourg-le-corps-comme-territoire.html#primaryimage","url":"https:\/\/www.elle.lu\/fr\/wp-content\/uploads\/2025\/12\/finalyesok-mg-1787.jpg","contentUrl":"https:\/\/www.elle.lu\/fr\/wp-content\/uploads\/2025\/12\/finalyesok-mg-1787.jpg","width":2560,"height":1707,"caption":"Courtesy of Galerie Zidoun-Bossuyt"},{"@type":"BreadcrumbList","@id":"https:\/\/www.elle.lu\/fr\/9000-yoyo-lander-expose-a-la-galerie-zidoun-bossuyt-a-luxemboourg-le-corps-comme-territoire.html#breadcrumb","itemListElement":[{"@type":"ListItem","position":1,"name":"Accueil","item":"https:\/\/www.elle.lu\/fr"},{"@type":"ListItem","position":2,"name":"YoYo Lander\u00a0expose \u00e0 la galerie Zidoun-Bossuyt \u00e0 Luxembourg : le corps comme territoire"}]},{"@type":"WebSite","@id":"https:\/\/www.elle.lu\/fr\/#website","url":"https:\/\/www.elle.lu\/fr\/","name":"ELLE.lu","description":"Explorez les derni\u00e8res tendances mode, beaut\u00e9 et art de vivre au Luxembourg sur ELLE.lu. Un contenu exclusivement luxembourgeois sur notre site, r\u00e9seaux sociaux et YouTube.","potentialAction":[{"@type":"SearchAction","target":{"@type":"EntryPoint","urlTemplate":"https:\/\/www.elle.lu\/fr\/?s={search_term_string}"},"query-input":{"@type":"PropertyValueSpecification","valueRequired":true,"valueName":"search_term_string"}}],"inLanguage":"fr-FR"},{"@type":"Person","@id":"https:\/\/www.elle.lu\/fr\/#\/schema\/person\/ac820204224d1a52c950088e1996b007","name":"Sarah Braun","image":{"@type":"ImageObject","inLanguage":"fr-FR","@id":"https:\/\/secure.gravatar.com\/avatar\/795f10c954947838090d4f384b3a26b2352bf71fd41dd058f378fee046f7ce21?s=96&d=mm&r=g","url":"https:\/\/secure.gravatar.com\/avatar\/795f10c954947838090d4f384b3a26b2352bf71fd41dd058f378fee046f7ce21?s=96&d=mm&r=g","contentUrl":"https:\/\/secure.gravatar.com\/avatar\/795f10c954947838090d4f384b3a26b2352bf71fd41dd058f378fee046f7ce21?s=96&d=mm&r=g","caption":"Sarah Braun"},"url":"https:\/\/www.elle.lu\/fr\/author\/sarahelle-lu"}]}},"jetpack_featured_media_url":"https:\/\/www.elle.lu\/fr\/wp-content\/uploads\/2025\/12\/finalyesok-mg-1787.jpg","jetpack_sharing_enabled":true,"_links":{"self":[{"href":"https:\/\/www.elle.lu\/fr\/wp-json\/wp\/v2\/posts\/9000","targetHints":{"allow":["GET"]}}],"collection":[{"href":"https:\/\/www.elle.lu\/fr\/wp-json\/wp\/v2\/posts"}],"about":[{"href":"https:\/\/www.elle.lu\/fr\/wp-json\/wp\/v2\/types\/post"}],"author":[{"embeddable":true,"href":"https:\/\/www.elle.lu\/fr\/wp-json\/wp\/v2\/users\/49"}],"replies":[{"embeddable":true,"href":"https:\/\/www.elle.lu\/fr\/wp-json\/wp\/v2\/comments?post=9000"}],"version-history":[{"count":2,"href":"https:\/\/www.elle.lu\/fr\/wp-json\/wp\/v2\/posts\/9000\/revisions"}],"predecessor-version":[{"id":9129,"href":"https:\/\/www.elle.lu\/fr\/wp-json\/wp\/v2\/posts\/9000\/revisions\/9129"}],"wp:featuredmedia":[{"embeddable":true,"href":"https:\/\/www.elle.lu\/fr\/wp-json\/wp\/v2\/media\/8965"}],"wp:attachment":[{"href":"https:\/\/www.elle.lu\/fr\/wp-json\/wp\/v2\/media?parent=9000"}],"wp:term":[{"taxonomy":"category","embeddable":true,"href":"https:\/\/www.elle.lu\/fr\/wp-json\/wp\/v2\/categories?post=9000"},{"taxonomy":"post_tag","embeddable":true,"href":"https:\/\/www.elle.lu\/fr\/wp-json\/wp\/v2\/tags?post=9000"}],"curies":[{"name":"wp","href":"https:\/\/api.w.org\/{rel}","templated":true}]}}