{"id":9185,"date":"2025-12-21T07:00:35","date_gmt":"2025-12-21T06:00:35","guid":{"rendered":"https:\/\/www.elle.lu\/fr\/?p=9185"},"modified":"2025-12-18T15:59:06","modified_gmt":"2025-12-18T14:59:06","slug":"horoscope-pourquoi-la-fin-de-lannee-est-particulierement-intense-pour-ces-signes-astrologiques","status":"publish","type":"post","link":"https:\/\/www.elle.lu\/fr\/9185-horoscope-pourquoi-la-fin-de-lannee-est-particulierement-intense-pour-ces-signes-astrologiques.html","title":{"rendered":"Horoscope : pourquoi la fin de l&#8217;ann\u00e9e est particuli\u00e8rement intense pour ces signes astrologiques"},"content":{"rendered":"","protected":false},"excerpt":{"rendered":"R\u00e9v\u00e9lations, conflits. ...","protected":false},"author":14,"featured_media":9055,"comment_status":"open","ping_status":"open","sticky":false,"template":"","format":"standard","meta":{"_acf_changed":false,"_jetpack_memberships_contains_paid_content":false,"footnotes":""},"categories":[10],"tags":[],"class_list":["post-9185","post","type-post","status-publish","format-standard","has-post-thumbnail","hentry","category-horoscope"],"acf":[],"yoast_head":"<!-- This site is optimized with the Yoast SEO plugin v27.2 - https:\/\/yoast.com\/product\/yoast-seo-wordpress\/ -->\n<title>Horoscope : pourquoi la fin de l&#039;ann\u00e9e est particuli\u00e8rement intense pour ces signes astrologiques - ELLE.lu Luxembourg<\/title>\n<meta name=\"description\" content=\"Les plan\u00e8tes nous r\u00e9servent une fin d&#039;ann\u00e9e mouvement\u00e9e, surtout si vous faites partie de certains signes astrologiques.\" \/>\n<meta name=\"robots\" content=\"index, follow, max-snippet:-1, max-image-preview:large, max-video-preview:-1\" \/>\n<link rel=\"canonical\" href=\"https:\/\/www.elle.lu\/fr\/9185-horoscope-pourquoi-la-fin-de-lannee-est-particulierement-intense-pour-ces-signes-astrologiques.html\" \/>\n<meta property=\"og:locale\" content=\"fr_FR\" \/>\n<meta property=\"og:type\" content=\"article\" \/>\n<meta property=\"og:title\" content=\"Horoscope : pourquoi la fin de l&#039;ann\u00e9e est particuli\u00e8rement intense pour ces signes astrologiques - ELLE.lu Luxembourg\" \/>\n<meta property=\"og:description\" content=\"Les plan\u00e8tes nous r\u00e9servent une fin d&#039;ann\u00e9e mouvement\u00e9e, surtout si vous faites partie de certains signes astrologiques.\" \/>\n<meta property=\"og:url\" content=\"https:\/\/www.elle.lu\/fr\/9185-horoscope-pourquoi-la-fin-de-lannee-est-particulierement-intense-pour-ces-signes-astrologiques.html\" \/>\n<meta property=\"og:site_name\" content=\"ELLE.lu Luxembourg\" \/>\n<meta property=\"article:published_time\" content=\"2025-12-21T06:00:35+00:00\" \/>\n<meta property=\"og:image\" content=\"https:\/\/www.elle.lu\/fr\/wp-content\/uploads\/2025\/12\/adobestock-208800554-2.jpeg\" \/>\n\t<meta property=\"og:image:width\" content=\"2500\" \/>\n\t<meta property=\"og:image:height\" content=\"1653\" \/>\n\t<meta property=\"og:image:type\" content=\"image\/jpeg\" \/>\n<meta name=\"author\" content=\"ELLE Luxembourg\" \/>\n<meta name=\"twitter:card\" content=\"summary_large_image\" \/>\n<meta name=\"twitter:label1\" content=\"\u00c9crit par\" \/>\n\t<meta name=\"twitter:data1\" content=\"ELLE Luxembourg\" \/>\n\t<meta name=\"twitter:label2\" content=\"Dur\u00e9e de lecture estim\u00e9e\" \/>\n\t<meta name=\"twitter:data2\" content=\"6 minutes\" \/>\n<script type=\"application\/ld+json\" class=\"yoast-schema-graph\">{\"@context\":\"https:\/\/schema.org\",\"@graph\":[{\"@type\":\"Article\",\"@id\":\"https:\/\/www.elle.lu\/fr\/9185-horoscope-pourquoi-la-fin-de-lannee-est-particulierement-intense-pour-ces-signes-astrologiques.html#article\",\"isPartOf\":{\"@id\":\"https:\/\/www.elle.lu\/fr\/9185-horoscope-pourquoi-la-fin-de-lannee-est-particulierement-intense-pour-ces-signes-astrologiques.html\"},\"author\":{\"name\":\"ELLE Luxembourg\",\"@id\":\"https:\/\/www.elle.lu\/fr\/#\/schema\/person\/9f46b98d1e40ec669426239054a74f55\"},\"headline\":\"Horoscope : pourquoi la fin de l&#8217;ann\u00e9e est particuli\u00e8rement intense pour ces signes astrologiques\",\"datePublished\":\"2025-12-21T06:00:35+00:00\",\"mainEntityOfPage\":{\"@id\":\"https:\/\/www.elle.lu\/fr\/9185-horoscope-pourquoi-la-fin-de-lannee-est-particulierement-intense-pour-ces-signes-astrologiques.html\"},\"wordCount\":1109,\"commentCount\":0,\"image\":{\"@id\":\"https:\/\/www.elle.lu\/fr\/9185-horoscope-pourquoi-la-fin-de-lannee-est-particulierement-intense-pour-ces-signes-astrologiques.html#primaryimage\"},\"thumbnailUrl\":\"https:\/\/www.elle.lu\/fr\/wp-content\/uploads\/2025\/12\/adobestock-208800554-2.jpeg\",\"articleSection\":[\"Horoscope\"],\"inLanguage\":\"fr-FR\",\"potentialAction\":[{\"@type\":\"CommentAction\",\"name\":\"Comment\",\"target\":[\"https:\/\/www.elle.lu\/fr\/9185-horoscope-pourquoi-la-fin-de-lannee-est-particulierement-intense-pour-ces-signes-astrologiques.html#respond\"]}]},{\"@type\":\"WebPage\",\"@id\":\"https:\/\/www.elle.lu\/fr\/9185-horoscope-pourquoi-la-fin-de-lannee-est-particulierement-intense-pour-ces-signes-astrologiques.html\",\"url\":\"https:\/\/www.elle.lu\/fr\/9185-horoscope-pourquoi-la-fin-de-lannee-est-particulierement-intense-pour-ces-signes-astrologiques.html\",\"name\":\"Horoscope : pourquoi la fin de l'ann\u00e9e est particuli\u00e8rement intense pour ces signes astrologiques - ELLE.lu Luxembourg\",\"isPartOf\":{\"@id\":\"https:\/\/www.elle.lu\/fr\/#website\"},\"primaryImageOfPage\":{\"@id\":\"https:\/\/www.elle.lu\/fr\/9185-horoscope-pourquoi-la-fin-de-lannee-est-particulierement-intense-pour-ces-signes-astrologiques.html#primaryimage\"},\"image\":{\"@id\":\"https:\/\/www.elle.lu\/fr\/9185-horoscope-pourquoi-la-fin-de-lannee-est-particulierement-intense-pour-ces-signes-astrologiques.html#primaryimage\"},\"thumbnailUrl\":\"https:\/\/www.elle.lu\/fr\/wp-content\/uploads\/2025\/12\/adobestock-208800554-2.jpeg\",\"datePublished\":\"2025-12-21T06:00:35+00:00\",\"author\":{\"@id\":\"https:\/\/www.elle.lu\/fr\/#\/schema\/person\/9f46b98d1e40ec669426239054a74f55\"},\"description\":\"Les plan\u00e8tes nous r\u00e9servent une fin d'ann\u00e9e mouvement\u00e9e, surtout si vous faites partie de certains signes astrologiques.\",\"breadcrumb\":{\"@id\":\"https:\/\/www.elle.lu\/fr\/9185-horoscope-pourquoi-la-fin-de-lannee-est-particulierement-intense-pour-ces-signes-astrologiques.html#breadcrumb\"},\"inLanguage\":\"fr-FR\",\"potentialAction\":[{\"@type\":\"ReadAction\",\"target\":[\"https:\/\/www.elle.lu\/fr\/9185-horoscope-pourquoi-la-fin-de-lannee-est-particulierement-intense-pour-ces-signes-astrologiques.html\"]}]},{\"@type\":\"ImageObject\",\"inLanguage\":\"fr-FR\",\"@id\":\"https:\/\/www.elle.lu\/fr\/9185-horoscope-pourquoi-la-fin-de-lannee-est-particulierement-intense-pour-ces-signes-astrologiques.html#primaryimage\",\"url\":\"https:\/\/www.elle.lu\/fr\/wp-content\/uploads\/2025\/12\/adobestock-208800554-2.jpeg\",\"contentUrl\":\"https:\/\/www.elle.lu\/fr\/wp-content\/uploads\/2025\/12\/adobestock-208800554-2.jpeg\",\"width\":2500,\"height\":1653,\"caption\":\"\u00a9Adobe Stock\"},{\"@type\":\"BreadcrumbList\",\"@id\":\"https:\/\/www.elle.lu\/fr\/9185-horoscope-pourquoi-la-fin-de-lannee-est-particulierement-intense-pour-ces-signes-astrologiques.html#breadcrumb\",\"itemListElement\":[{\"@type\":\"ListItem\",\"position\":1,\"name\":\"Accueil\",\"item\":\"https:\/\/www.elle.lu\/fr\"},{\"@type\":\"ListItem\",\"position\":2,\"name\":\"Horoscope : pourquoi la fin de l&#8217;ann\u00e9e est particuli\u00e8rement intense pour ces signes astrologiques\"}]},{\"@type\":\"WebSite\",\"@id\":\"https:\/\/www.elle.lu\/fr\/#website\",\"url\":\"https:\/\/www.elle.lu\/fr\/\",\"name\":\"ELLE.lu\",\"description\":\"Explorez les derni\u00e8res tendances mode, beaut\u00e9 et art de vivre au Luxembourg sur ELLE.lu. Un contenu exclusivement luxembourgeois sur notre site, r\u00e9seaux sociaux et YouTube.\",\"potentialAction\":[{\"@type\":\"SearchAction\",\"target\":{\"@type\":\"EntryPoint\",\"urlTemplate\":\"https:\/\/www.elle.lu\/fr\/?s={search_term_string}\"},\"query-input\":{\"@type\":\"PropertyValueSpecification\",\"valueRequired\":true,\"valueName\":\"search_term_string\"}}],\"inLanguage\":\"fr-FR\"},{\"@type\":\"Person\",\"@id\":\"https:\/\/www.elle.lu\/fr\/#\/schema\/person\/9f46b98d1e40ec669426239054a74f55\",\"name\":\"ELLE Luxembourg\",\"image\":{\"@type\":\"ImageObject\",\"inLanguage\":\"fr-FR\",\"@id\":\"https:\/\/secure.gravatar.com\/avatar\/53ba8a0846e80e757a82f9012841e058a80a9c9fcef00955129602230f0fd7ac?s=96&d=mm&r=g\",\"url\":\"https:\/\/secure.gravatar.com\/avatar\/53ba8a0846e80e757a82f9012841e058a80a9c9fcef00955129602230f0fd7ac?s=96&d=mm&r=g\",\"contentUrl\":\"https:\/\/secure.gravatar.com\/avatar\/53ba8a0846e80e757a82f9012841e058a80a9c9fcef00955129602230f0fd7ac?s=96&d=mm&r=g\",\"caption\":\"ELLE Luxembourg\"},\"url\":\"https:\/\/www.elle.lu\/fr\/author\/elle-luxembourg\"}]}<\/script>\n<!-- \/ Yoast SEO plugin. -->","yoast_head_json":{"title":"Horoscope : pourquoi la fin de l'ann\u00e9e est particuli\u00e8rement intense pour ces signes astrologiques - ELLE.lu Luxembourg","description":"Les plan\u00e8tes nous r\u00e9servent une fin d'ann\u00e9e mouvement\u00e9e, surtout si vous faites partie de certains signes astrologiques.","robots":{"index":"index","follow":"follow","max-snippet":"max-snippet:-1","max-image-preview":"max-image-preview:large","max-video-preview":"max-video-preview:-1"},"canonical":"https:\/\/www.elle.lu\/fr\/9185-horoscope-pourquoi-la-fin-de-lannee-est-particulierement-intense-pour-ces-signes-astrologiques.html","og_locale":"fr_FR","og_type":"article","og_title":"Horoscope : pourquoi la fin de l'ann\u00e9e est particuli\u00e8rement intense pour ces signes astrologiques - ELLE.lu Luxembourg","og_description":"Les plan\u00e8tes nous r\u00e9servent une fin d'ann\u00e9e mouvement\u00e9e, surtout si vous faites partie de certains signes astrologiques.","og_url":"https:\/\/www.elle.lu\/fr\/9185-horoscope-pourquoi-la-fin-de-lannee-est-particulierement-intense-pour-ces-signes-astrologiques.html","og_site_name":"ELLE.lu Luxembourg","article_published_time":"2025-12-21T06:00:35+00:00","og_image":[{"width":2500,"height":1653,"url":"https:\/\/www.elle.lu\/fr\/wp-content\/uploads\/2025\/12\/adobestock-208800554-2.jpeg","type":"image\/jpeg"}],"author":"ELLE Luxembourg","twitter_card":"summary_large_image","twitter_misc":{"\u00c9crit par":"ELLE Luxembourg","Dur\u00e9e de lecture estim\u00e9e":"6 minutes"},"schema":{"@context":"https:\/\/schema.org","@graph":[{"@type":"Article","@id":"https:\/\/www.elle.lu\/fr\/9185-horoscope-pourquoi-la-fin-de-lannee-est-particulierement-intense-pour-ces-signes-astrologiques.html#article","isPartOf":{"@id":"https:\/\/www.elle.lu\/fr\/9185-horoscope-pourquoi-la-fin-de-lannee-est-particulierement-intense-pour-ces-signes-astrologiques.html"},"author":{"name":"ELLE Luxembourg","@id":"https:\/\/www.elle.lu\/fr\/#\/schema\/person\/9f46b98d1e40ec669426239054a74f55"},"headline":"Horoscope : pourquoi la fin de l&#8217;ann\u00e9e est particuli\u00e8rement intense pour ces signes astrologiques","datePublished":"2025-12-21T06:00:35+00:00","mainEntityOfPage":{"@id":"https:\/\/www.elle.lu\/fr\/9185-horoscope-pourquoi-la-fin-de-lannee-est-particulierement-intense-pour-ces-signes-astrologiques.html"},"wordCount":1109,"commentCount":0,"image":{"@id":"https:\/\/www.elle.lu\/fr\/9185-horoscope-pourquoi-la-fin-de-lannee-est-particulierement-intense-pour-ces-signes-astrologiques.html#primaryimage"},"thumbnailUrl":"https:\/\/www.elle.lu\/fr\/wp-content\/uploads\/2025\/12\/adobestock-208800554-2.jpeg","articleSection":["Horoscope"],"inLanguage":"fr-FR","potentialAction":[{"@type":"CommentAction","name":"Comment","target":["https:\/\/www.elle.lu\/fr\/9185-horoscope-pourquoi-la-fin-de-lannee-est-particulierement-intense-pour-ces-signes-astrologiques.html#respond"]}]},{"@type":"WebPage","@id":"https:\/\/www.elle.lu\/fr\/9185-horoscope-pourquoi-la-fin-de-lannee-est-particulierement-intense-pour-ces-signes-astrologiques.html","url":"https:\/\/www.elle.lu\/fr\/9185-horoscope-pourquoi-la-fin-de-lannee-est-particulierement-intense-pour-ces-signes-astrologiques.html","name":"Horoscope : pourquoi la fin de l'ann\u00e9e est particuli\u00e8rement intense pour ces signes astrologiques - ELLE.lu Luxembourg","isPartOf":{"@id":"https:\/\/www.elle.lu\/fr\/#website"},"primaryImageOfPage":{"@id":"https:\/\/www.elle.lu\/fr\/9185-horoscope-pourquoi-la-fin-de-lannee-est-particulierement-intense-pour-ces-signes-astrologiques.html#primaryimage"},"image":{"@id":"https:\/\/www.elle.lu\/fr\/9185-horoscope-pourquoi-la-fin-de-lannee-est-particulierement-intense-pour-ces-signes-astrologiques.html#primaryimage"},"thumbnailUrl":"https:\/\/www.elle.lu\/fr\/wp-content\/uploads\/2025\/12\/adobestock-208800554-2.jpeg","datePublished":"2025-12-21T06:00:35+00:00","author":{"@id":"https:\/\/www.elle.lu\/fr\/#\/schema\/person\/9f46b98d1e40ec669426239054a74f55"},"description":"Les plan\u00e8tes nous r\u00e9servent une fin d'ann\u00e9e mouvement\u00e9e, surtout si vous faites partie de certains signes astrologiques.","breadcrumb":{"@id":"https:\/\/www.elle.lu\/fr\/9185-horoscope-pourquoi-la-fin-de-lannee-est-particulierement-intense-pour-ces-signes-astrologiques.html#breadcrumb"},"inLanguage":"fr-FR","potentialAction":[{"@type":"ReadAction","target":["https:\/\/www.elle.lu\/fr\/9185-horoscope-pourquoi-la-fin-de-lannee-est-particulierement-intense-pour-ces-signes-astrologiques.html"]}]},{"@type":"ImageObject","inLanguage":"fr-FR","@id":"https:\/\/www.elle.lu\/fr\/9185-horoscope-pourquoi-la-fin-de-lannee-est-particulierement-intense-pour-ces-signes-astrologiques.html#primaryimage","url":"https:\/\/www.elle.lu\/fr\/wp-content\/uploads\/2025\/12\/adobestock-208800554-2.jpeg","contentUrl":"https:\/\/www.elle.lu\/fr\/wp-content\/uploads\/2025\/12\/adobestock-208800554-2.jpeg","width":2500,"height":1653,"caption":"\u00a9Adobe Stock"},{"@type":"BreadcrumbList","@id":"https:\/\/www.elle.lu\/fr\/9185-horoscope-pourquoi-la-fin-de-lannee-est-particulierement-intense-pour-ces-signes-astrologiques.html#breadcrumb","itemListElement":[{"@type":"ListItem","position":1,"name":"Accueil","item":"https:\/\/www.elle.lu\/fr"},{"@type":"ListItem","position":2,"name":"Horoscope : pourquoi la fin de l&#8217;ann\u00e9e est particuli\u00e8rement intense pour ces signes astrologiques"}]},{"@type":"WebSite","@id":"https:\/\/www.elle.lu\/fr\/#website","url":"https:\/\/www.elle.lu\/fr\/","name":"ELLE.lu","description":"Explorez les derni\u00e8res tendances mode, beaut\u00e9 et art de vivre au Luxembourg sur ELLE.lu. Un contenu exclusivement luxembourgeois sur notre site, r\u00e9seaux sociaux et YouTube.","potentialAction":[{"@type":"SearchAction","target":{"@type":"EntryPoint","urlTemplate":"https:\/\/www.elle.lu\/fr\/?s={search_term_string}"},"query-input":{"@type":"PropertyValueSpecification","valueRequired":true,"valueName":"search_term_string"}}],"inLanguage":"fr-FR"},{"@type":"Person","@id":"https:\/\/www.elle.lu\/fr\/#\/schema\/person\/9f46b98d1e40ec669426239054a74f55","name":"ELLE Luxembourg","image":{"@type":"ImageObject","inLanguage":"fr-FR","@id":"https:\/\/secure.gravatar.com\/avatar\/53ba8a0846e80e757a82f9012841e058a80a9c9fcef00955129602230f0fd7ac?s=96&d=mm&r=g","url":"https:\/\/secure.gravatar.com\/avatar\/53ba8a0846e80e757a82f9012841e058a80a9c9fcef00955129602230f0fd7ac?s=96&d=mm&r=g","contentUrl":"https:\/\/secure.gravatar.com\/avatar\/53ba8a0846e80e757a82f9012841e058a80a9c9fcef00955129602230f0fd7ac?s=96&d=mm&r=g","caption":"ELLE Luxembourg"},"url":"https:\/\/www.elle.lu\/fr\/author\/elle-luxembourg"}]}},"jetpack_featured_media_url":"https:\/\/www.elle.lu\/fr\/wp-content\/uploads\/2025\/12\/adobestock-208800554-2.jpeg","jetpack_sharing_enabled":true,"_links":{"self":[{"href":"https:\/\/www.elle.lu\/fr\/wp-json\/wp\/v2\/posts\/9185","targetHints":{"allow":["GET"]}}],"collection":[{"href":"https:\/\/www.elle.lu\/fr\/wp-json\/wp\/v2\/posts"}],"about":[{"href":"https:\/\/www.elle.lu\/fr\/wp-json\/wp\/v2\/types\/post"}],"author":[{"embeddable":true,"href":"https:\/\/www.elle.lu\/fr\/wp-json\/wp\/v2\/users\/14"}],"replies":[{"embeddable":true,"href":"https:\/\/www.elle.lu\/fr\/wp-json\/wp\/v2\/comments?post=9185"}],"version-history":[{"count":1,"href":"https:\/\/www.elle.lu\/fr\/wp-json\/wp\/v2\/posts\/9185\/revisions"}],"predecessor-version":[{"id":9190,"href":"https:\/\/www.elle.lu\/fr\/wp-json\/wp\/v2\/posts\/9185\/revisions\/9190"}],"wp:featuredmedia":[{"embeddable":true,"href":"https:\/\/www.elle.lu\/fr\/wp-json\/wp\/v2\/media\/9055"}],"wp:attachment":[{"href":"https:\/\/www.elle.lu\/fr\/wp-json\/wp\/v2\/media?parent=9185"}],"wp:term":[{"taxonomy":"category","embeddable":true,"href":"https:\/\/www.elle.lu\/fr\/wp-json\/wp\/v2\/categories?post=9185"},{"taxonomy":"post_tag","embeddable":true,"href":"https:\/\/www.elle.lu\/fr\/wp-json\/wp\/v2\/tags?post=9185"}],"curies":[{"name":"wp","href":"https:\/\/api.w.org\/{rel}","templated":true}]}}