{"id":9395,"date":"2026-01-16T07:00:56","date_gmt":"2026-01-16T06:00:56","guid":{"rendered":"https:\/\/www.elle.lu\/fr\/?p=9395"},"modified":"2026-01-16T11:32:51","modified_gmt":"2026-01-16T10:32:51","slug":"une-icone-de-la-mode-parisienne-au-luxembourg-mathilde-favier","status":"publish","type":"post","link":"https:\/\/www.elle.lu\/fr\/9395-une-icone-de-la-mode-parisienne-au-luxembourg-mathilde-favier.html","title":{"rendered":"Une ic\u00f4ne de la mode parisienne au Luxembourg : Mathilde Favier"},"content":{"rendered":"","protected":false},"excerpt":{"rendered":"C\u2019est chez Muse by, une boutique chic situ\u00e9e dans le centre de Luxembourg-Ville, que nous avons rencontr\u00e9 Mathilde Favier \u00e0 l\u2019occasion d\u2019une soir\u00e9e intime.","protected":false},"author":11,"featured_media":9425,"comment_status":"open","ping_status":"open","sticky":false,"template":"","format":"standard","meta":{"_acf_changed":false,"_jetpack_memberships_contains_paid_content":false,"footnotes":""},"categories":[4],"tags":[],"class_list":["post-9395","post","type-post","status-publish","format-standard","has-post-thumbnail","hentry","category-lifestyle"],"acf":[],"yoast_head":"<!-- This site is optimized with the Yoast SEO plugin v27.2 - https:\/\/yoast.com\/product\/yoast-seo-wordpress\/ -->\n<title>Une ic\u00f4ne de la mode parisienne au Luxembourg : Mathilde Favier - ELLE.lu Luxembourg<\/title>\n<meta name=\"description\" content=\"C\u2019est chez Muse by, une boutique chic situ\u00e9e dans le centre de Luxembourg-Ville, que nous avons rencontr\u00e9 Mathilde Favier \u00e0 l\u2019occasion d\u2019une soir\u00e9e intime.\" \/>\n<meta name=\"robots\" content=\"index, follow, max-snippet:-1, max-image-preview:large, max-video-preview:-1\" \/>\n<link rel=\"canonical\" href=\"https:\/\/www.elle.lu\/fr\/9395-une-icone-de-la-mode-parisienne-au-luxembourg-mathilde-favier.html\" \/>\n<meta property=\"og:locale\" content=\"fr_FR\" \/>\n<meta property=\"og:type\" content=\"article\" \/>\n<meta property=\"og:title\" content=\"Une ic\u00f4ne de la mode parisienne au Luxembourg : Mathilde Favier - ELLE.lu Luxembourg\" \/>\n<meta property=\"og:description\" content=\"C\u2019est chez Muse by, une boutique chic situ\u00e9e dans le centre de Luxembourg-Ville, que nous avons rencontr\u00e9 Mathilde Favier \u00e0 l\u2019occasion d\u2019une soir\u00e9e intime.\" \/>\n<meta property=\"og:url\" content=\"https:\/\/www.elle.lu\/fr\/9395-une-icone-de-la-mode-parisienne-au-luxembourg-mathilde-favier.html\" \/>\n<meta property=\"og:site_name\" content=\"ELLE.lu Luxembourg\" \/>\n<meta property=\"article:published_time\" content=\"2026-01-16T06:00:56+00:00\" \/>\n<meta property=\"article:modified_time\" content=\"2026-01-16T10:32:51+00:00\" \/>\n<meta property=\"og:image\" content=\"https:\/\/www.elle.lu\/fr\/wp-content\/uploads\/2026\/01\/mathilde-favier-pascal-chevallier.jpg\" \/>\n\t<meta property=\"og:image:width\" content=\"1366\" \/>\n\t<meta property=\"og:image:height\" content=\"2048\" \/>\n\t<meta property=\"og:image:type\" content=\"image\/jpeg\" \/>\n<meta name=\"author\" content=\"Delali Amegah\" \/>\n<meta name=\"twitter:card\" content=\"summary_large_image\" \/>\n<meta name=\"twitter:label1\" content=\"\u00c9crit par\" \/>\n\t<meta name=\"twitter:data1\" content=\"Delali Amegah\" \/>\n\t<meta name=\"twitter:label2\" content=\"Dur\u00e9e de lecture estim\u00e9e\" \/>\n\t<meta name=\"twitter:data2\" content=\"7 minutes\" \/>\n<script type=\"application\/ld+json\" class=\"yoast-schema-graph\">{\"@context\":\"https:\/\/schema.org\",\"@graph\":[{\"@type\":\"Article\",\"@id\":\"https:\/\/www.elle.lu\/fr\/9395-une-icone-de-la-mode-parisienne-au-luxembourg-mathilde-favier.html#article\",\"isPartOf\":{\"@id\":\"https:\/\/www.elle.lu\/fr\/9395-une-icone-de-la-mode-parisienne-au-luxembourg-mathilde-favier.html\"},\"author\":{\"name\":\"Delali Amegah\",\"@id\":\"https:\/\/www.elle.lu\/fr\/#\/schema\/person\/1aafd2ac01ca330e3fc2b29784df8862\"},\"headline\":\"Une ic\u00f4ne de la mode parisienne au Luxembourg : Mathilde Favier\",\"datePublished\":\"2026-01-16T06:00:56+00:00\",\"dateModified\":\"2026-01-16T10:32:51+00:00\",\"mainEntityOfPage\":{\"@id\":\"https:\/\/www.elle.lu\/fr\/9395-une-icone-de-la-mode-parisienne-au-luxembourg-mathilde-favier.html\"},\"wordCount\":1378,\"commentCount\":0,\"image\":{\"@id\":\"https:\/\/www.elle.lu\/fr\/9395-une-icone-de-la-mode-parisienne-au-luxembourg-mathilde-favier.html#primaryimage\"},\"thumbnailUrl\":\"https:\/\/www.elle.lu\/fr\/wp-content\/uploads\/2026\/01\/mathilde-favier-pascal-chevallier.jpg\",\"articleSection\":[\"Lifestyle\"],\"inLanguage\":\"fr-FR\",\"potentialAction\":[{\"@type\":\"CommentAction\",\"name\":\"Comment\",\"target\":[\"https:\/\/www.elle.lu\/fr\/9395-une-icone-de-la-mode-parisienne-au-luxembourg-mathilde-favier.html#respond\"]}]},{\"@type\":\"WebPage\",\"@id\":\"https:\/\/www.elle.lu\/fr\/9395-une-icone-de-la-mode-parisienne-au-luxembourg-mathilde-favier.html\",\"url\":\"https:\/\/www.elle.lu\/fr\/9395-une-icone-de-la-mode-parisienne-au-luxembourg-mathilde-favier.html\",\"name\":\"Une ic\u00f4ne de la mode parisienne au Luxembourg : Mathilde Favier - ELLE.lu Luxembourg\",\"isPartOf\":{\"@id\":\"https:\/\/www.elle.lu\/fr\/#website\"},\"primaryImageOfPage\":{\"@id\":\"https:\/\/www.elle.lu\/fr\/9395-une-icone-de-la-mode-parisienne-au-luxembourg-mathilde-favier.html#primaryimage\"},\"image\":{\"@id\":\"https:\/\/www.elle.lu\/fr\/9395-une-icone-de-la-mode-parisienne-au-luxembourg-mathilde-favier.html#primaryimage\"},\"thumbnailUrl\":\"https:\/\/www.elle.lu\/fr\/wp-content\/uploads\/2026\/01\/mathilde-favier-pascal-chevallier.jpg\",\"datePublished\":\"2026-01-16T06:00:56+00:00\",\"dateModified\":\"2026-01-16T10:32:51+00:00\",\"author\":{\"@id\":\"https:\/\/www.elle.lu\/fr\/#\/schema\/person\/1aafd2ac01ca330e3fc2b29784df8862\"},\"description\":\"C\u2019est chez Muse by, une boutique chic situ\u00e9e dans le centre de Luxembourg-Ville, que nous avons rencontr\u00e9 Mathilde Favier \u00e0 l\u2019occasion d\u2019une soir\u00e9e intime.\",\"breadcrumb\":{\"@id\":\"https:\/\/www.elle.lu\/fr\/9395-une-icone-de-la-mode-parisienne-au-luxembourg-mathilde-favier.html#breadcrumb\"},\"inLanguage\":\"fr-FR\",\"potentialAction\":[{\"@type\":\"ReadAction\",\"target\":[\"https:\/\/www.elle.lu\/fr\/9395-une-icone-de-la-mode-parisienne-au-luxembourg-mathilde-favier.html\"]}]},{\"@type\":\"ImageObject\",\"inLanguage\":\"fr-FR\",\"@id\":\"https:\/\/www.elle.lu\/fr\/9395-une-icone-de-la-mode-parisienne-au-luxembourg-mathilde-favier.html#primaryimage\",\"url\":\"https:\/\/www.elle.lu\/fr\/wp-content\/uploads\/2026\/01\/mathilde-favier-pascal-chevallier.jpg\",\"contentUrl\":\"https:\/\/www.elle.lu\/fr\/wp-content\/uploads\/2026\/01\/mathilde-favier-pascal-chevallier.jpg\",\"width\":1366,\"height\":2048,\"caption\":\"\u00a9Pascal Chevalier\"},{\"@type\":\"BreadcrumbList\",\"@id\":\"https:\/\/www.elle.lu\/fr\/9395-une-icone-de-la-mode-parisienne-au-luxembourg-mathilde-favier.html#breadcrumb\",\"itemListElement\":[{\"@type\":\"ListItem\",\"position\":1,\"name\":\"Accueil\",\"item\":\"https:\/\/www.elle.lu\/fr\"},{\"@type\":\"ListItem\",\"position\":2,\"name\":\"Une ic\u00f4ne de la mode parisienne au Luxembourg : Mathilde Favier\"}]},{\"@type\":\"WebSite\",\"@id\":\"https:\/\/www.elle.lu\/fr\/#website\",\"url\":\"https:\/\/www.elle.lu\/fr\/\",\"name\":\"ELLE.lu\",\"description\":\"Explorez les derni\u00e8res tendances mode, beaut\u00e9 et art de vivre au Luxembourg sur ELLE.lu. Un contenu exclusivement luxembourgeois sur notre site, r\u00e9seaux sociaux et YouTube.\",\"potentialAction\":[{\"@type\":\"SearchAction\",\"target\":{\"@type\":\"EntryPoint\",\"urlTemplate\":\"https:\/\/www.elle.lu\/fr\/?s={search_term_string}\"},\"query-input\":{\"@type\":\"PropertyValueSpecification\",\"valueRequired\":true,\"valueName\":\"search_term_string\"}}],\"inLanguage\":\"fr-FR\"},{\"@type\":\"Person\",\"@id\":\"https:\/\/www.elle.lu\/fr\/#\/schema\/person\/1aafd2ac01ca330e3fc2b29784df8862\",\"name\":\"Delali Amegah\",\"image\":{\"@type\":\"ImageObject\",\"inLanguage\":\"fr-FR\",\"@id\":\"https:\/\/secure.gravatar.com\/avatar\/4bba6a17c99e289f5d54dfc2be6268cb23719c63a3df10440a4724a7cf90f659?s=96&d=mm&r=g\",\"url\":\"https:\/\/secure.gravatar.com\/avatar\/4bba6a17c99e289f5d54dfc2be6268cb23719c63a3df10440a4724a7cf90f659?s=96&d=mm&r=g\",\"contentUrl\":\"https:\/\/secure.gravatar.com\/avatar\/4bba6a17c99e289f5d54dfc2be6268cb23719c63a3df10440a4724a7cf90f659?s=96&d=mm&r=g\",\"caption\":\"Delali Amegah\"},\"url\":\"https:\/\/www.elle.lu\/fr\/author\/delali-amegah\"}]}<\/script>\n<!-- \/ Yoast SEO plugin. -->","yoast_head_json":{"title":"Une ic\u00f4ne de la mode parisienne au Luxembourg : Mathilde Favier - ELLE.lu Luxembourg","description":"C\u2019est chez Muse by, une boutique chic situ\u00e9e dans le centre de Luxembourg-Ville, que nous avons rencontr\u00e9 Mathilde Favier \u00e0 l\u2019occasion d\u2019une soir\u00e9e intime.","robots":{"index":"index","follow":"follow","max-snippet":"max-snippet:-1","max-image-preview":"max-image-preview:large","max-video-preview":"max-video-preview:-1"},"canonical":"https:\/\/www.elle.lu\/fr\/9395-une-icone-de-la-mode-parisienne-au-luxembourg-mathilde-favier.html","og_locale":"fr_FR","og_type":"article","og_title":"Une ic\u00f4ne de la mode parisienne au Luxembourg : Mathilde Favier - ELLE.lu Luxembourg","og_description":"C\u2019est chez Muse by, une boutique chic situ\u00e9e dans le centre de Luxembourg-Ville, que nous avons rencontr\u00e9 Mathilde Favier \u00e0 l\u2019occasion d\u2019une soir\u00e9e intime.","og_url":"https:\/\/www.elle.lu\/fr\/9395-une-icone-de-la-mode-parisienne-au-luxembourg-mathilde-favier.html","og_site_name":"ELLE.lu Luxembourg","article_published_time":"2026-01-16T06:00:56+00:00","article_modified_time":"2026-01-16T10:32:51+00:00","og_image":[{"width":1366,"height":2048,"url":"https:\/\/www.elle.lu\/fr\/wp-content\/uploads\/2026\/01\/mathilde-favier-pascal-chevallier.jpg","type":"image\/jpeg"}],"author":"Delali Amegah","twitter_card":"summary_large_image","twitter_misc":{"\u00c9crit par":"Delali Amegah","Dur\u00e9e de lecture estim\u00e9e":"7 minutes"},"schema":{"@context":"https:\/\/schema.org","@graph":[{"@type":"Article","@id":"https:\/\/www.elle.lu\/fr\/9395-une-icone-de-la-mode-parisienne-au-luxembourg-mathilde-favier.html#article","isPartOf":{"@id":"https:\/\/www.elle.lu\/fr\/9395-une-icone-de-la-mode-parisienne-au-luxembourg-mathilde-favier.html"},"author":{"name":"Delali Amegah","@id":"https:\/\/www.elle.lu\/fr\/#\/schema\/person\/1aafd2ac01ca330e3fc2b29784df8862"},"headline":"Une ic\u00f4ne de la mode parisienne au Luxembourg : Mathilde Favier","datePublished":"2026-01-16T06:00:56+00:00","dateModified":"2026-01-16T10:32:51+00:00","mainEntityOfPage":{"@id":"https:\/\/www.elle.lu\/fr\/9395-une-icone-de-la-mode-parisienne-au-luxembourg-mathilde-favier.html"},"wordCount":1378,"commentCount":0,"image":{"@id":"https:\/\/www.elle.lu\/fr\/9395-une-icone-de-la-mode-parisienne-au-luxembourg-mathilde-favier.html#primaryimage"},"thumbnailUrl":"https:\/\/www.elle.lu\/fr\/wp-content\/uploads\/2026\/01\/mathilde-favier-pascal-chevallier.jpg","articleSection":["Lifestyle"],"inLanguage":"fr-FR","potentialAction":[{"@type":"CommentAction","name":"Comment","target":["https:\/\/www.elle.lu\/fr\/9395-une-icone-de-la-mode-parisienne-au-luxembourg-mathilde-favier.html#respond"]}]},{"@type":"WebPage","@id":"https:\/\/www.elle.lu\/fr\/9395-une-icone-de-la-mode-parisienne-au-luxembourg-mathilde-favier.html","url":"https:\/\/www.elle.lu\/fr\/9395-une-icone-de-la-mode-parisienne-au-luxembourg-mathilde-favier.html","name":"Une ic\u00f4ne de la mode parisienne au Luxembourg : Mathilde Favier - ELLE.lu Luxembourg","isPartOf":{"@id":"https:\/\/www.elle.lu\/fr\/#website"},"primaryImageOfPage":{"@id":"https:\/\/www.elle.lu\/fr\/9395-une-icone-de-la-mode-parisienne-au-luxembourg-mathilde-favier.html#primaryimage"},"image":{"@id":"https:\/\/www.elle.lu\/fr\/9395-une-icone-de-la-mode-parisienne-au-luxembourg-mathilde-favier.html#primaryimage"},"thumbnailUrl":"https:\/\/www.elle.lu\/fr\/wp-content\/uploads\/2026\/01\/mathilde-favier-pascal-chevallier.jpg","datePublished":"2026-01-16T06:00:56+00:00","dateModified":"2026-01-16T10:32:51+00:00","author":{"@id":"https:\/\/www.elle.lu\/fr\/#\/schema\/person\/1aafd2ac01ca330e3fc2b29784df8862"},"description":"C\u2019est chez Muse by, une boutique chic situ\u00e9e dans le centre de Luxembourg-Ville, que nous avons rencontr\u00e9 Mathilde Favier \u00e0 l\u2019occasion d\u2019une soir\u00e9e intime.","breadcrumb":{"@id":"https:\/\/www.elle.lu\/fr\/9395-une-icone-de-la-mode-parisienne-au-luxembourg-mathilde-favier.html#breadcrumb"},"inLanguage":"fr-FR","potentialAction":[{"@type":"ReadAction","target":["https:\/\/www.elle.lu\/fr\/9395-une-icone-de-la-mode-parisienne-au-luxembourg-mathilde-favier.html"]}]},{"@type":"ImageObject","inLanguage":"fr-FR","@id":"https:\/\/www.elle.lu\/fr\/9395-une-icone-de-la-mode-parisienne-au-luxembourg-mathilde-favier.html#primaryimage","url":"https:\/\/www.elle.lu\/fr\/wp-content\/uploads\/2026\/01\/mathilde-favier-pascal-chevallier.jpg","contentUrl":"https:\/\/www.elle.lu\/fr\/wp-content\/uploads\/2026\/01\/mathilde-favier-pascal-chevallier.jpg","width":1366,"height":2048,"caption":"\u00a9Pascal Chevalier"},{"@type":"BreadcrumbList","@id":"https:\/\/www.elle.lu\/fr\/9395-une-icone-de-la-mode-parisienne-au-luxembourg-mathilde-favier.html#breadcrumb","itemListElement":[{"@type":"ListItem","position":1,"name":"Accueil","item":"https:\/\/www.elle.lu\/fr"},{"@type":"ListItem","position":2,"name":"Une ic\u00f4ne de la mode parisienne au Luxembourg : Mathilde Favier"}]},{"@type":"WebSite","@id":"https:\/\/www.elle.lu\/fr\/#website","url":"https:\/\/www.elle.lu\/fr\/","name":"ELLE.lu","description":"Explorez les derni\u00e8res tendances mode, beaut\u00e9 et art de vivre au Luxembourg sur ELLE.lu. Un contenu exclusivement luxembourgeois sur notre site, r\u00e9seaux sociaux et YouTube.","potentialAction":[{"@type":"SearchAction","target":{"@type":"EntryPoint","urlTemplate":"https:\/\/www.elle.lu\/fr\/?s={search_term_string}"},"query-input":{"@type":"PropertyValueSpecification","valueRequired":true,"valueName":"search_term_string"}}],"inLanguage":"fr-FR"},{"@type":"Person","@id":"https:\/\/www.elle.lu\/fr\/#\/schema\/person\/1aafd2ac01ca330e3fc2b29784df8862","name":"Delali Amegah","image":{"@type":"ImageObject","inLanguage":"fr-FR","@id":"https:\/\/secure.gravatar.com\/avatar\/4bba6a17c99e289f5d54dfc2be6268cb23719c63a3df10440a4724a7cf90f659?s=96&d=mm&r=g","url":"https:\/\/secure.gravatar.com\/avatar\/4bba6a17c99e289f5d54dfc2be6268cb23719c63a3df10440a4724a7cf90f659?s=96&d=mm&r=g","contentUrl":"https:\/\/secure.gravatar.com\/avatar\/4bba6a17c99e289f5d54dfc2be6268cb23719c63a3df10440a4724a7cf90f659?s=96&d=mm&r=g","caption":"Delali Amegah"},"url":"https:\/\/www.elle.lu\/fr\/author\/delali-amegah"}]}},"jetpack_featured_media_url":"https:\/\/www.elle.lu\/fr\/wp-content\/uploads\/2026\/01\/mathilde-favier-pascal-chevallier.jpg","jetpack_sharing_enabled":true,"_links":{"self":[{"href":"https:\/\/www.elle.lu\/fr\/wp-json\/wp\/v2\/posts\/9395","targetHints":{"allow":["GET"]}}],"collection":[{"href":"https:\/\/www.elle.lu\/fr\/wp-json\/wp\/v2\/posts"}],"about":[{"href":"https:\/\/www.elle.lu\/fr\/wp-json\/wp\/v2\/types\/post"}],"author":[{"embeddable":true,"href":"https:\/\/www.elle.lu\/fr\/wp-json\/wp\/v2\/users\/11"}],"replies":[{"embeddable":true,"href":"https:\/\/www.elle.lu\/fr\/wp-json\/wp\/v2\/comments?post=9395"}],"version-history":[{"count":2,"href":"https:\/\/www.elle.lu\/fr\/wp-json\/wp\/v2\/posts\/9395\/revisions"}],"predecessor-version":[{"id":9423,"href":"https:\/\/www.elle.lu\/fr\/wp-json\/wp\/v2\/posts\/9395\/revisions\/9423"}],"wp:featuredmedia":[{"embeddable":true,"href":"https:\/\/www.elle.lu\/fr\/wp-json\/wp\/v2\/media\/9425"}],"wp:attachment":[{"href":"https:\/\/www.elle.lu\/fr\/wp-json\/wp\/v2\/media?parent=9395"}],"wp:term":[{"taxonomy":"category","embeddable":true,"href":"https:\/\/www.elle.lu\/fr\/wp-json\/wp\/v2\/categories?post=9395"},{"taxonomy":"post_tag","embeddable":true,"href":"https:\/\/www.elle.lu\/fr\/wp-json\/wp\/v2\/tags?post=9395"}],"curies":[{"name":"wp","href":"https:\/\/api.w.org\/{rel}","templated":true}]}}